{"id":101,"date":"2007-09-05T19:18:22","date_gmt":"2007-09-05T23:18:22","guid":{"rendered":"http:\/\/www.sofoca.cl\/pebre\/2007\/09\/05\/rocio-marengo-cambia-la-capital-de-alemania\/"},"modified":"2007-09-06T11:04:54","modified_gmt":"2007-09-06T15:04:54","slug":"rocio-marengo-cambia-la-capital-de-alemania","status":"publish","type":"post","link":"http:\/\/www.sofoca.cl\/pebre\/2007\/09\/05\/rocio-marengo-cambia-la-capital-de-alemania\/","title":{"rendered":"Roc\u00edo Marengo cambia la capital de Alemania"},"content":{"rendered":"<p><img decoding=\"async\" src=\"http:\/\/www.sofoca.cl\/pebre\/wp-content\/uploads\/2007\/09\/alemaniamarengo.jpg\" alt=\"hola\" align=\"right\" \/>Si la revoluci\u00f3n a la geograf\u00eda de la <a href=\"http:\/\/www.sofoca.cl\/pebre\/2007\/08\/27\/miss-teen-south-carolina-dice-que-a-estados-unidos-le-faltan-mapas\/\">Miss Teen South California<\/a> parec\u00eda poco, ha llegado Roc\u00edo Marengo a meter la pata a\u00fan m\u00e1s. En el programa argentino Bailando por un Sue\u00f1o, fue consultada por la capital de Alemania, y ella respondi\u00f3 que era <strong>Suiza<\/strong>. Lo bueno fue que m\u00e1s adelante rectific\u00f3, diciendo que en realidad la capital era <strong>Germania<\/strong>. Seg\u00fan La Tercera:<\/p>\n<blockquote><p>En su nerviosismo, la rubia pregunta al p\u00fablico \u00ab\u00bfUstedes no pueden ayudarme?\u00bb, lo que fue respondido negativamente por Marcelo Tinelli, el conductor del espacio televisivo. Luego, le formul\u00f3 preguntas simples sobre matem\u00e1ticas, como tablas de multiplicar, de las cuales s\u00f3lo acert\u00f3 a dos de 10 consultas.<\/p>\n<p>Pero esa verg\u00fcenza fue superada con creces con el bochorno siguiente, al ser consultada por las capitales de diversas naciones. Ante la pregunta sobre la principal ciudad germana, la rubia lanz\u00f3 con cara de asombro: Suiza, lo que gener\u00f3 espasmos entre el p\u00fablico y en el propio Tinelli.<\/p>\n<p>Como era de esperar, la Marengo atin\u00f3 a defenderse como gato de espaldas, afirmando que tan complejo cuestionario s\u00f3lo respond\u00eda a un \u00abcomplot\u00bb contra ella. De pasada jur\u00f3 en pantalla que \u00abpara el lunes me lo estudiar\u00e9 todo\u00bb.<\/p><\/blockquote>\n<p><a href=\"http:\/\/www.latercera.cl\/medio\/articulo\/0,0,3255_5688_295363559,00.html\">Link<\/a>.<\/p>\n<p><strong>Actualizaci\u00f3n:<\/strong> <a href=\"http:\/\/www.clarin.com\/shared\/v8.1\/swf\/fullscreen_video.html?archivo=http:\/\/videosfla.uigc.net\/2007\/09\/05\/gp01.flv\">El video<\/a>.<\/p>\n","protected":false},"excerpt":{"rendered":"<p>Si la revoluci\u00f3n a la geograf\u00eda de la Miss Teen South California parec\u00eda poco, ha llegado Roc\u00edo Marengo a meter la pata a\u00fan m\u00e1s. En el programa argentino Bailando por un Sue\u00f1o, fue consultada por la capital de Alemania, y ella respondi\u00f3 que era Suiza. Lo bueno fue que m\u00e1s adelante rectific\u00f3, diciendo que en [&hellip;]<\/p>\n","protected":false},"author":2,"featured_media":0,"comment_status":"open","ping_status":"open","sticky":false,"template":"","format":"standard","meta":{"footnotes":""},"categories":[9,7],"tags":[],"class_list":["post-101","post","type-post","status-publish","format-standard","hentry","category-chanta","category-internacional"],"_links":{"self":[{"href":"http:\/\/www.sofoca.cl\/pebre\/wp-json\/wp\/v2\/posts\/101","targetHints":{"allow":["GET"]}}],"collection":[{"href":"http:\/\/www.sofoca.cl\/pebre\/wp-json\/wp\/v2\/posts"}],"about":[{"href":"http:\/\/www.sofoca.cl\/pebre\/wp-json\/wp\/v2\/types\/post"}],"author":[{"embeddable":true,"href":"http:\/\/www.sofoca.cl\/pebre\/wp-json\/wp\/v2\/users\/2"}],"replies":[{"embeddable":true,"href":"http:\/\/www.sofoca.cl\/pebre\/wp-json\/wp\/v2\/comments?post=101"}],"version-history":[{"count":0,"href":"http:\/\/www.sofoca.cl\/pebre\/wp-json\/wp\/v2\/posts\/101\/revisions"}],"wp:attachment":[{"href":"http:\/\/www.sofoca.cl\/pebre\/wp-json\/wp\/v2\/media?parent=101"}],"wp:term":[{"taxonomy":"category","embeddable":true,"href":"http:\/\/www.sofoca.cl\/pebre\/wp-json\/wp\/v2\/categories?post=101"},{"taxonomy":"post_tag","embeddable":true,"href":"http:\/\/www.sofoca.cl\/pebre\/wp-json\/wp\/v2\/tags?post=101"}],"curies":[{"name":"wp","href":"https:\/\/api.w.org\/{rel}","templated":true}]}}