{"id":1018,"date":"2008-12-31T01:14:23","date_gmt":"2008-12-31T04:14:23","guid":{"rendered":"http:\/\/www.sofoca.cl\/pebre\/?p=1018"},"modified":"2008-12-31T01:14:23","modified_gmt":"2008-12-31T04:14:23","slug":"el-bursatil-un-diario-de-economia-y-negocios","status":"publish","type":"post","link":"http:\/\/www.sofoca.cl\/pebre\/2008\/12\/31\/el-bursatil-un-diario-de-economia-y-negocios\/","title":{"rendered":"El Burs\u00e1til, un diario de econom\u00eda y negocios"},"content":{"rendered":"<p><img loading=\"lazy\" decoding=\"async\" class=\"aligncenter size-full wp-image-1019\" title=\"bursa\" src=\"http:\/\/www.sofoca.cl\/pebre\/wp-content\/uploads\/2008\/12\/bursa.jpg\" alt=\"bursa\" width=\"500\" height=\"334\" srcset=\"http:\/\/www.sofoca.cl\/pebre\/wp-content\/uploads\/2008\/12\/bursa.jpg 500w, http:\/\/www.sofoca.cl\/pebre\/wp-content\/uploads\/2008\/12\/bursa-300x200.jpg 300w\" sizes=\"auto, (max-width: 500px) 100vw, 500px\" \/><\/p>\n<p>Para despedir el a\u00f1o 2008, compartimos con ustedes un lindo peri\u00f3dico financiero: <strong><a href=\"http:\/\/www.scribd.com\/doc\/8947545\/El-Bursatil\">El Burs\u00e1til<\/a><\/strong>. Usted se estar\u00e1 preguntando, y con justa raz\u00f3n, qu\u00e9 tiene que ver un diario de este tipo con el a\u00f1o que se va y con la l\u00ednea del <em>blog<\/em> en general. Primero, \u00e9ste ha sido el a\u00f1o de la crisis econ\u00f3mica y en el que muchos de nosotros nos dimos cuenta de que exist\u00edan las bolsas. Lo segundo, el diario lo hicimos nosotros, as\u00ed que tiene nuestra sangre. Est\u00e1 escrito con la <a href=\"http:\/\/en.wikipedia.org\/wiki\/Tongue-in-cheek\">lengua en la mejilla<\/a>, as\u00ed que no se lo tome muy en serio. Pero l\u00e9alo, son s\u00f3lo ocho p\u00e1ginas de noticias y hasta en una de esas lo pasa bien.<\/p>\n","protected":false},"excerpt":{"rendered":"<p>Para despedir el a\u00f1o 2008, compartimos con ustedes un lindo peri\u00f3dico financiero: El Burs\u00e1til. Usted se estar\u00e1 preguntando, y con justa raz\u00f3n, qu\u00e9 tiene que ver un diario de este tipo con el a\u00f1o que se va y con la l\u00ednea del blog en general. Primero, \u00e9ste ha sido el a\u00f1o de la crisis econ\u00f3mica [&hellip;]<\/p>\n","protected":false},"author":2,"featured_media":0,"comment_status":"open","ping_status":"open","sticky":false,"template":"","format":"standard","meta":{"footnotes":""},"categories":[16,12,7,19],"tags":[],"class_list":["post-1018","post","type-post","status-publish","format-standard","hentry","category-bakan","category-chile","category-internacional","category-lenguaje"],"_links":{"self":[{"href":"http:\/\/www.sofoca.cl\/pebre\/wp-json\/wp\/v2\/posts\/1018","targetHints":{"allow":["GET"]}}],"collection":[{"href":"http:\/\/www.sofoca.cl\/pebre\/wp-json\/wp\/v2\/posts"}],"about":[{"href":"http:\/\/www.sofoca.cl\/pebre\/wp-json\/wp\/v2\/types\/post"}],"author":[{"embeddable":true,"href":"http:\/\/www.sofoca.cl\/pebre\/wp-json\/wp\/v2\/users\/2"}],"replies":[{"embeddable":true,"href":"http:\/\/www.sofoca.cl\/pebre\/wp-json\/wp\/v2\/comments?post=1018"}],"version-history":[{"count":2,"href":"http:\/\/www.sofoca.cl\/pebre\/wp-json\/wp\/v2\/posts\/1018\/revisions"}],"predecessor-version":[{"id":1021,"href":"http:\/\/www.sofoca.cl\/pebre\/wp-json\/wp\/v2\/posts\/1018\/revisions\/1021"}],"wp:attachment":[{"href":"http:\/\/www.sofoca.cl\/pebre\/wp-json\/wp\/v2\/media?parent=1018"}],"wp:term":[{"taxonomy":"category","embeddable":true,"href":"http:\/\/www.sofoca.cl\/pebre\/wp-json\/wp\/v2\/categories?post=1018"},{"taxonomy":"post_tag","embeddable":true,"href":"http:\/\/www.sofoca.cl\/pebre\/wp-json\/wp\/v2\/tags?post=1018"}],"curies":[{"name":"wp","href":"https:\/\/api.w.org\/{rel}","templated":true}]}}