{"id":1035,"date":"2009-07-01T12:29:05","date_gmt":"2009-07-01T15:29:05","guid":{"rendered":"http:\/\/www.sofoca.cl\/pebre\/?p=1035"},"modified":"2009-07-14T02:02:12","modified_gmt":"2009-07-14T05:02:12","slug":"amenazan-a-periodista-de-el-siglo","status":"publish","type":"post","link":"http:\/\/www.sofoca.cl\/pebre\/2009\/07\/01\/amenazan-a-periodista-de-el-siglo\/","title":{"rendered":"Amenazan a periodista de El Siglo"},"content":{"rendered":"<p><img loading=\"lazy\" decoding=\"async\" class=\"aligncenter size-full wp-image-1039\" title=\"Cooperativa\" src=\"http:\/\/www.sofoca.cl\/pebre\/wp-content\/uploads\/2009\/07\/cooper.jpg\" alt=\"Cooperativa\" width=\"478\" height=\"129\" srcset=\"http:\/\/www.sofoca.cl\/pebre\/wp-content\/uploads\/2009\/07\/cooper.jpg 478w, http:\/\/www.sofoca.cl\/pebre\/wp-content\/uploads\/2009\/07\/cooper-300x80.jpg 300w\" sizes=\"auto, (max-width: 478px) 100vw, 478px\" \/><\/p>\n<p>Anonadado estoy:<\/p>\n<blockquote><p>El Partido Comunista denunci\u00f3 una grave amenaza recibida por el periodista Francisco Herreros, director del peri\u00f3dico El Siglo por su investigaci\u00f3n acerca de los nexos de la CIA con ciertos cr\u00edmenes ocurridos durante la dictadura militar que involucran al renunciado director de la PDI, Arturo Herrera.<\/p>\n<p>La publicaci\u00f3n acusa espec\u00edficamente que documentos secretos desclasificados de la central de inteligencia estadounidense implican a Herrera con una red de protecci\u00f3n para agentes de la DINA acusados de violaciones a los derechos humanos, y que el ex jefe de la polic\u00eda civil permit\u00eda la libre salida del pa\u00eds de agentes como Michael Townley.<\/p>\n<p>La carta en cuesti\u00f3n:<\/p>\n<p><em>\u201cEstimado Don Francisco, queremos comunicarle que est\u00e1 jugando en las grandes Ligas, donde algunos subsisten y logran su objetivo. Sabemos por sus publicaciones que est\u00e1 ligado a traidores a la PATRIA Y COLABORADORES de la CIA. As\u00ed como usted es un profesional en su \u00e1rea, nosotros lo somos en la nuestra y la familia es numerosa.<\/em><\/p>\n<p><em>Le recomendamos no recibir m\u00e1s a ese traidor, no queremos que lo tome como una amenaza, sino todo lo contrario, como una sugerencia. Estamos a su servicio.<\/em><\/p>\n<p><em>Nota: Le recomendamos alimentar mejor a la gringa de su se\u00f1ora\u201d.<\/em><\/p>\n<\/blockquote>\n<p>Esto nos hace preguntarnos dos cosas:<\/p>\n<ol>\n<li>\u00bfQu\u00e9 onda el mundo?<\/li>\n<li>\u00bfC\u00f3mo es posible que cosas as\u00ed sigan sucediendo en nuestro pa\u00eds?<\/li>\n<\/ol>\n<p>Momento serio: Como <em>disclaimer<\/em>, el afectado es el pap\u00e1 de un amigo y publico esto para difundirlo por que mi amigo me lo pidi\u00f3. Tampoco soy comunista, pero hay que tener dos dedos de frente para darse cuenta de que esto va m\u00e1s all\u00e1 de distinciones est\u00fapidas. Para que nunca m\u00e1s y la vol\u00e1. <em>(V\u00eda <a href=\"http:\/\/www.lanacion.cl\/prontus_noticias_v2\/site\/artic\/20090625\/pags\/20090625212346.html\">La Naci\u00f3n<\/a>, <a href=\"http:\/\/www.cooperativa.cl\/pc-acuso-amenaza-contra-periodista-de-el-siglo-por-investigacion-que-involucra-a-renunciado-director-de-la-pdi\/prontus_nots\/2009-06-26\/090943.html\">Cooperativa<\/a>, <a href=\"http:\/\/www.elciudadano.cl\/2009\/06\/25\/periodista-de-el-siglo-amenazado-de-muerte\/\">El Ciudadano<\/a>)<\/em><\/p>\n","protected":false},"excerpt":{"rendered":"<p>Anonadado estoy: El Partido Comunista denunci\u00f3 una grave amenaza recibida por el periodista Francisco Herreros, director del peri\u00f3dico El Siglo por su investigaci\u00f3n acerca de los nexos de la CIA con ciertos cr\u00edmenes ocurridos durante la dictadura militar que involucran al renunciado director de la PDI, Arturo Herrera. La publicaci\u00f3n acusa espec\u00edficamente que documentos secretos [&hellip;]<\/p>\n","protected":false},"author":2,"featured_media":0,"comment_status":"open","ping_status":"open","sticky":false,"template":"","format":"standard","meta":{"footnotes":""},"categories":[1],"tags":[],"class_list":["post-1035","post","type-post","status-publish","format-standard","hentry","category-uncategorized"],"_links":{"self":[{"href":"http:\/\/www.sofoca.cl\/pebre\/wp-json\/wp\/v2\/posts\/1035","targetHints":{"allow":["GET"]}}],"collection":[{"href":"http:\/\/www.sofoca.cl\/pebre\/wp-json\/wp\/v2\/posts"}],"about":[{"href":"http:\/\/www.sofoca.cl\/pebre\/wp-json\/wp\/v2\/types\/post"}],"author":[{"embeddable":true,"href":"http:\/\/www.sofoca.cl\/pebre\/wp-json\/wp\/v2\/users\/2"}],"replies":[{"embeddable":true,"href":"http:\/\/www.sofoca.cl\/pebre\/wp-json\/wp\/v2\/comments?post=1035"}],"version-history":[{"count":9,"href":"http:\/\/www.sofoca.cl\/pebre\/wp-json\/wp\/v2\/posts\/1035\/revisions"}],"predecessor-version":[{"id":1071,"href":"http:\/\/www.sofoca.cl\/pebre\/wp-json\/wp\/v2\/posts\/1035\/revisions\/1071"}],"wp:attachment":[{"href":"http:\/\/www.sofoca.cl\/pebre\/wp-json\/wp\/v2\/media?parent=1035"}],"wp:term":[{"taxonomy":"category","embeddable":true,"href":"http:\/\/www.sofoca.cl\/pebre\/wp-json\/wp\/v2\/categories?post=1035"},{"taxonomy":"post_tag","embeddable":true,"href":"http:\/\/www.sofoca.cl\/pebre\/wp-json\/wp\/v2\/tags?post=1035"}],"curies":[{"name":"wp","href":"https:\/\/api.w.org\/{rel}","templated":true}]}}