{"id":1081,"date":"2016-03-12T14:40:00","date_gmt":"2016-03-12T17:40:00","guid":{"rendered":"http:\/\/www.sofoca.cl\/pebre\/?p=1081"},"modified":"2016-03-12T14:40:00","modified_gmt":"2016-03-12T17:40:00","slug":"un-comic-de-peirano-sobre-la-muerte-de-pinochet","status":"publish","type":"post","link":"http:\/\/www.sofoca.cl\/pebre\/2016\/03\/12\/un-comic-de-peirano-sobre-la-muerte-de-pinochet\/","title":{"rendered":"Un c\u00f3mic de Peirano sobre la muerte de Pinochet"},"content":{"rendered":"<p>Este c\u00f3mic de Pedro Peirano fue publicado el 14 de diciembre de 2006, en una edici\u00f3n del semanario The Clinic dedicada a la muerte de Augusto Pinochet.<\/p>\n<div id=\"attachment_1084\" style=\"width: 310px\" class=\"wp-caption aligncenter\"><a href=\"http:\/\/www.sofoca.cl\/pebre\/wp-content\/uploads\/2016\/03\/cabroculiao.jpg\" rel=\"attachment wp-att-1084\"><img loading=\"lazy\" decoding=\"async\" aria-describedby=\"caption-attachment-1084\" class=\"wp-image-1084 size-medium\" src=\"http:\/\/www.sofoca.cl\/pebre\/wp-content\/uploads\/2016\/03\/cabroculiao-300x185.jpg\" alt=\"Peirano en The Clinic, 14 de diciembre de 2006\" width=\"300\" height=\"185\" srcset=\"http:\/\/www.sofoca.cl\/pebre\/wp-content\/uploads\/2016\/03\/cabroculiao-300x185.jpg 300w, http:\/\/www.sofoca.cl\/pebre\/wp-content\/uploads\/2016\/03\/cabroculiao.jpg 600w\" sizes=\"auto, (max-width: 300px) 100vw, 300px\" \/><\/a><p id=\"caption-attachment-1084\" class=\"wp-caption-text\">Peirano en The Clinic, 14 de diciembre de 2006<\/p><\/div>\n<p>Lo subimos ac\u00e1 para que quede indizado por Google y no haya que ir a buscarlo a una biblioteca de nuevo (infinitas a gracias a <a href=\"https:\/\/twitter.com\/barometro\/status\/708693789771243520\">bar\u00f3metro<\/a> por darse la paja de buscarlo).<\/p>\n","protected":false},"excerpt":{"rendered":"<p>Este c\u00f3mic de Pedro Peirano fue publicado el 14 de diciembre de 2006, en una edici\u00f3n del semanario The Clinic dedicada a la muerte de Augusto Pinochet. Lo subimos ac\u00e1 para que quede indizado por Google y no haya que ir a buscarlo a una biblioteca de nuevo (infinitas a gracias a bar\u00f3metro por darse [&hellip;]<\/p>\n","protected":false},"author":2,"featured_media":0,"comment_status":"open","ping_status":"open","sticky":false,"template":"","format":"standard","meta":{"footnotes":""},"categories":[16,15,12,1],"tags":[22,24,23],"class_list":["post-1081","post","type-post","status-publish","format-standard","hentry","category-bakan","category-comic","category-chile","category-uncategorized","tag-peirano","tag-pinochet","tag-the-clinic"],"_links":{"self":[{"href":"http:\/\/www.sofoca.cl\/pebre\/wp-json\/wp\/v2\/posts\/1081","targetHints":{"allow":["GET"]}}],"collection":[{"href":"http:\/\/www.sofoca.cl\/pebre\/wp-json\/wp\/v2\/posts"}],"about":[{"href":"http:\/\/www.sofoca.cl\/pebre\/wp-json\/wp\/v2\/types\/post"}],"author":[{"embeddable":true,"href":"http:\/\/www.sofoca.cl\/pebre\/wp-json\/wp\/v2\/users\/2"}],"replies":[{"embeddable":true,"href":"http:\/\/www.sofoca.cl\/pebre\/wp-json\/wp\/v2\/comments?post=1081"}],"version-history":[{"count":5,"href":"http:\/\/www.sofoca.cl\/pebre\/wp-json\/wp\/v2\/posts\/1081\/revisions"}],"predecessor-version":[{"id":1088,"href":"http:\/\/www.sofoca.cl\/pebre\/wp-json\/wp\/v2\/posts\/1081\/revisions\/1088"}],"wp:attachment":[{"href":"http:\/\/www.sofoca.cl\/pebre\/wp-json\/wp\/v2\/media?parent=1081"}],"wp:term":[{"taxonomy":"category","embeddable":true,"href":"http:\/\/www.sofoca.cl\/pebre\/wp-json\/wp\/v2\/categories?post=1081"},{"taxonomy":"post_tag","embeddable":true,"href":"http:\/\/www.sofoca.cl\/pebre\/wp-json\/wp\/v2\/tags?post=1081"}],"curies":[{"name":"wp","href":"https:\/\/api.w.org\/{rel}","templated":true}]}}