{"id":110,"date":"2007-09-07T12:34:31","date_gmt":"2007-09-07T16:34:31","guid":{"rendered":"http:\/\/www.sofoca.cl\/pebre\/2007\/09\/07\/los-arboles-causan-el-calentamiento-global\/"},"modified":"2007-09-07T12:35:28","modified_gmt":"2007-09-07T16:35:28","slug":"los-arboles-causan-el-calentamiento-global","status":"publish","type":"post","link":"http:\/\/www.sofoca.cl\/pebre\/2007\/09\/07\/los-arboles-causan-el-calentamiento-global\/","title":{"rendered":"Los \u00e1rboles causan el calentamiento global"},"content":{"rendered":"<p>Impactante revelaci\u00f3n: los culpables del calentamiento global son los \u00e1rboles. Claro, pero seg\u00fan la Fox News. La emisora no ha estado exenta de <a href=\"http:\/\/en.wikipedia.org\/wiki\/Fox_News_Channel_controversies#Accusations_of_bias\">controversia<\/a> y es acusada de apoyar a los republicanos y a la agenda conservadora de manera no muy neutral.<\/p>\n<p>Seg\u00fan ellos, los \u00e1rboles son la causa del calentamiento global y le dedican reportajes y discusiones (est\u00e1 en ingl\u00e9s).<\/p>\n<iframe loading=\"lazy\" title=\"Fox News: Trees Cause Global Warming\" width=\"500\" height=\"375\" src=\"https:\/\/www.youtube.com\/embed\/wnXToHGldxo?feature=oembed\" frameborder=\"0\" allow=\"accelerometer; autoplay; clipboard-write; encrypted-media; gyroscope; picture-in-picture; web-share\" referrerpolicy=\"strict-origin-when-cross-origin\" allowfullscreen><\/iframe>\n<p><del datetime=\"2007-09-07T16:24:04+00:00\">Al Gore estar\u00eda orgulloso.<\/del> <a href=\"http:\/\/ecostreet.com\/blog\/climate-change\/2007\/09\/05\/fox-news-trees-cause-global-warming\/\">Link<\/a> <em>(V\u00eda <a href=\"http:\/\/alt1040.com\/archivo\/2007\/09\/07\/fox-news-arboles-contribuyen-al-calentamiento-global\/\">ALT1040<\/a>)<\/em><\/p>\n","protected":false},"excerpt":{"rendered":"<p>Impactante revelaci\u00f3n: los culpables del calentamiento global son los \u00e1rboles. Claro, pero seg\u00fan la Fox News. La emisora no ha estado exenta de controversia y es acusada de apoyar a los republicanos y a la agenda conservadora de manera no muy neutral. Seg\u00fan ellos, los \u00e1rboles son la causa del calentamiento global y le dedican [&hellip;]<\/p>\n","protected":false},"author":2,"featured_media":0,"comment_status":"open","ping_status":"open","sticky":false,"template":"","format":"standard","meta":{"footnotes":""},"categories":[9,11,7,4],"tags":[],"class_list":["post-110","post","type-post","status-publish","format-standard","hentry","category-chanta","category-ciencia","category-internacional","category-videos"],"_links":{"self":[{"href":"http:\/\/www.sofoca.cl\/pebre\/wp-json\/wp\/v2\/posts\/110","targetHints":{"allow":["GET"]}}],"collection":[{"href":"http:\/\/www.sofoca.cl\/pebre\/wp-json\/wp\/v2\/posts"}],"about":[{"href":"http:\/\/www.sofoca.cl\/pebre\/wp-json\/wp\/v2\/types\/post"}],"author":[{"embeddable":true,"href":"http:\/\/www.sofoca.cl\/pebre\/wp-json\/wp\/v2\/users\/2"}],"replies":[{"embeddable":true,"href":"http:\/\/www.sofoca.cl\/pebre\/wp-json\/wp\/v2\/comments?post=110"}],"version-history":[{"count":0,"href":"http:\/\/www.sofoca.cl\/pebre\/wp-json\/wp\/v2\/posts\/110\/revisions"}],"wp:attachment":[{"href":"http:\/\/www.sofoca.cl\/pebre\/wp-json\/wp\/v2\/media?parent=110"}],"wp:term":[{"taxonomy":"category","embeddable":true,"href":"http:\/\/www.sofoca.cl\/pebre\/wp-json\/wp\/v2\/categories?post=110"},{"taxonomy":"post_tag","embeddable":true,"href":"http:\/\/www.sofoca.cl\/pebre\/wp-json\/wp\/v2\/tags?post=110"}],"curies":[{"name":"wp","href":"https:\/\/api.w.org\/{rel}","templated":true}]}}