{"id":111,"date":"2007-09-07T14:37:19","date_gmt":"2007-09-07T18:37:19","guid":{"rendered":"http:\/\/www.sofoca.cl\/pebre\/2007\/09\/07\/jim-morrison-antes-de-the-doors\/"},"modified":"2007-09-07T14:37:19","modified_gmt":"2007-09-07T18:37:19","slug":"jim-morrison-antes-de-the-doors","status":"publish","type":"post","link":"http:\/\/www.sofoca.cl\/pebre\/2007\/09\/07\/jim-morrison-antes-de-the-doors\/","title":{"rendered":"Jim Morrison antes de The Doors"},"content":{"rendered":"<p>Antes de formar The Doors y ser el papito sicod\u00e9lico de la generaci\u00f3n hippie-rockera, James Douglas Morrison (m\u00e1s conocido como <a href=\"http:\/\/es.wikipedia.org\/wiki\/Jim_Morrison\">Jim Morrison<\/a>) era un estudiante universitario que protagonizaba los comerciales de la <a href=\"http:\/\/es.wikipedia.org\/wiki\/Universidad_Estatal_de_Florida\">Florida State University<\/a>.<\/p>\n<a href=\"http:\/\/www.youtube.com\/watch?v=-WIJd2sLuDA\">http:\/\/www.youtube.com\/watch?v=-WIJd2sLuDA<\/a>\n<p>El comercial es de 1964. The Doors se form\u00f3 en 1965 y cambiaron la historia de la m\u00fasica, yeah. <em>(V\u00eda <a href=\"http:\/\/www.esquizopedia.com\/2007\/09\/03\/%c2%bfcomo-era-jim-morrison-antes-de-ser-el-alucinante-rockero-cantante-de-the-doors\/\">Esquizopedia<\/a>)<\/em><\/p>\n","protected":false},"excerpt":{"rendered":"<p>Antes de formar The Doors y ser el papito sicod\u00e9lico de la generaci\u00f3n hippie-rockera, James Douglas Morrison (m\u00e1s conocido como Jim Morrison) era un estudiante universitario que protagonizaba los comerciales de la Florida State University. El comercial es de 1964. The Doors se form\u00f3 en 1965 y cambiaron la historia de la m\u00fasica, yeah. (V\u00eda [&hellip;]<\/p>\n","protected":false},"author":2,"featured_media":0,"comment_status":"open","ping_status":"open","sticky":false,"template":"","format":"standard","meta":{"footnotes":""},"categories":[10,6,4],"tags":[],"class_list":["post-111","post","type-post","status-publish","format-standard","hentry","category-loco","category-musica","category-videos"],"_links":{"self":[{"href":"http:\/\/www.sofoca.cl\/pebre\/wp-json\/wp\/v2\/posts\/111","targetHints":{"allow":["GET"]}}],"collection":[{"href":"http:\/\/www.sofoca.cl\/pebre\/wp-json\/wp\/v2\/posts"}],"about":[{"href":"http:\/\/www.sofoca.cl\/pebre\/wp-json\/wp\/v2\/types\/post"}],"author":[{"embeddable":true,"href":"http:\/\/www.sofoca.cl\/pebre\/wp-json\/wp\/v2\/users\/2"}],"replies":[{"embeddable":true,"href":"http:\/\/www.sofoca.cl\/pebre\/wp-json\/wp\/v2\/comments?post=111"}],"version-history":[{"count":0,"href":"http:\/\/www.sofoca.cl\/pebre\/wp-json\/wp\/v2\/posts\/111\/revisions"}],"wp:attachment":[{"href":"http:\/\/www.sofoca.cl\/pebre\/wp-json\/wp\/v2\/media?parent=111"}],"wp:term":[{"taxonomy":"category","embeddable":true,"href":"http:\/\/www.sofoca.cl\/pebre\/wp-json\/wp\/v2\/categories?post=111"},{"taxonomy":"post_tag","embeddable":true,"href":"http:\/\/www.sofoca.cl\/pebre\/wp-json\/wp\/v2\/tags?post=111"}],"curies":[{"name":"wp","href":"https:\/\/api.w.org\/{rel}","templated":true}]}}