{"id":112,"date":"2007-09-07T21:30:55","date_gmt":"2007-09-08T01:30:55","guid":{"rendered":"http:\/\/www.sofoca.cl\/pebre\/2007\/09\/07\/eclipse-solar-parcial-visible-en-chile-la-madrugada-del-martes\/"},"modified":"2007-09-07T21:30:55","modified_gmt":"2007-09-08T01:30:55","slug":"eclipse-solar-parcial-visible-en-chile-la-madrugada-del-martes","status":"publish","type":"post","link":"http:\/\/www.sofoca.cl\/pebre\/2007\/09\/07\/eclipse-solar-parcial-visible-en-chile-la-madrugada-del-martes\/","title":{"rendered":"Eclipse solar parcial visible en Chile la madrugada del martes"},"content":{"rendered":"<p><img loading=\"lazy\" decoding=\"async\" src=\"http:\/\/upload.wikimedia.org\/wikipedia\/en\/thumb\/b\/bb\/Dsotm.jpg\/200px-Dsotm.jpg\" title=\"Eclipse\" alt=\"Eclipse\" align=\"right\" height=\"200\" width=\"200\" \/>El martes 11 de septiembre, m\u00e1s o menos a las 6:25 AM (hora de Chile) empezar\u00e1 un eclipse solar parcial que ser\u00e1 visible en la zona central de Chile, aunque se podr\u00e1 observar m\u00e1s o menos bien desde casi todo el territorio nacional.<\/p>\n<blockquote><p>El eclipse comenzar\u00e1 antes que amanezca en la zona central de nuestro pa\u00eds (06:25 hora local) pues ese d\u00eda el Sol aparecer\u00e1 a las 06:51 aproximadamente.<\/p>\n<p>El fen\u00f3meno alcanzar\u00e1 su m\u00e1ximo a las 07:40 de la ma\u00f1ana y terminar\u00e1 a las 08:48. La magnitud del eclipse, esto es la fracci\u00f3n del di\u00e1metro solar oculto por la Luna respecto al di\u00e1metro total del Sol, en esta ocasi\u00f3n ser\u00e1 de un significativo 55%. (&#8230;)<\/p>\n<p>Mencion\u00f3 que naturalmente por la hora en que se producir\u00e1 el ocultamiento solar muchas personas no percibir\u00e1n un gran cambio en la luminosidad, ya que todav\u00eda primar\u00e1n las penumbras del amanecer. Ello cambiar\u00e1 a medida de que se produzca la salida plena del sol.<\/p><\/blockquote>\n<p>En el Planetario de la USACH <a href=\"http:\/\/www.chile.com\/tpl\/articulo\/detalle\/ver.tpl?cod_articulo=92345\">se est\u00e1n preparando<\/a> para observar el eclipse, con las puertas abiertas para estudiantes y p\u00fablico interesado.<\/p>\n<p>Se recomienda <strong>no observar directamente el sol<\/strong> pues puede causar da\u00f1os a la vista. En EMOL tienen una soluci\u00f3n innovadora:<\/p>\n<blockquote><p>\u201cLa mejor y m\u00e1s segura forma es mirarlo por proyecci\u00f3n \u2013explic\u00f3 V\u00edctor C\u00e1rdenas- . Basta con tomar un par de hojas de cartulina, cortar un peque\u00f1o rect\u00e1ngulo en la mitad de uno de ellos, y taparlo con papel de aluminios. Hacer un peque\u00f1o agujero en el aluminio con un pincho, y usar la cartulina como proyector y la otra como pantalla.<\/p><\/blockquote>\n<p>El pr\u00f3ximo eclipse solar est\u00e1 previsto para el 2 de julio de 2019. Ese s\u00ed va a ser un eclipse total, pero advierten que tal vez no se vea nada pues toca en invierno. <a href=\"http:\/\/www.emol.com\/noticias\/nacional\/detalle\/detallenoticias.asp?idnoticia=274833\">Link<\/a>.<\/p>\n","protected":false},"excerpt":{"rendered":"<p>El martes 11 de septiembre, m\u00e1s o menos a las 6:25 AM (hora de Chile) empezar\u00e1 un eclipse solar parcial que ser\u00e1 visible en la zona central de Chile, aunque se podr\u00e1 observar m\u00e1s o menos bien desde casi todo el territorio nacional. El eclipse comenzar\u00e1 antes que amanezca en la zona central de nuestro [&hellip;]<\/p>\n","protected":false},"author":2,"featured_media":0,"comment_status":"open","ping_status":"open","sticky":false,"template":"","format":"standard","meta":{"footnotes":""},"categories":[16,12,11],"tags":[],"class_list":["post-112","post","type-post","status-publish","format-standard","hentry","category-bakan","category-chile","category-ciencia"],"_links":{"self":[{"href":"http:\/\/www.sofoca.cl\/pebre\/wp-json\/wp\/v2\/posts\/112","targetHints":{"allow":["GET"]}}],"collection":[{"href":"http:\/\/www.sofoca.cl\/pebre\/wp-json\/wp\/v2\/posts"}],"about":[{"href":"http:\/\/www.sofoca.cl\/pebre\/wp-json\/wp\/v2\/types\/post"}],"author":[{"embeddable":true,"href":"http:\/\/www.sofoca.cl\/pebre\/wp-json\/wp\/v2\/users\/2"}],"replies":[{"embeddable":true,"href":"http:\/\/www.sofoca.cl\/pebre\/wp-json\/wp\/v2\/comments?post=112"}],"version-history":[{"count":0,"href":"http:\/\/www.sofoca.cl\/pebre\/wp-json\/wp\/v2\/posts\/112\/revisions"}],"wp:attachment":[{"href":"http:\/\/www.sofoca.cl\/pebre\/wp-json\/wp\/v2\/media?parent=112"}],"wp:term":[{"taxonomy":"category","embeddable":true,"href":"http:\/\/www.sofoca.cl\/pebre\/wp-json\/wp\/v2\/categories?post=112"},{"taxonomy":"post_tag","embeddable":true,"href":"http:\/\/www.sofoca.cl\/pebre\/wp-json\/wp\/v2\/tags?post=112"}],"curies":[{"name":"wp","href":"https:\/\/api.w.org\/{rel}","templated":true}]}}