{"id":116,"date":"2007-09-08T17:38:27","date_gmt":"2007-09-08T21:38:27","guid":{"rendered":"http:\/\/www.sofoca.cl\/pebre\/2007\/09\/08\/ladron-masacrado-cuando-intento-asaltar-una-academia-de-karate\/"},"modified":"2007-09-08T17:38:27","modified_gmt":"2007-09-08T21:38:27","slug":"ladron-masacrado-cuando-intento-asaltar-una-academia-de-karate","status":"publish","type":"post","link":"http:\/\/www.sofoca.cl\/pebre\/2007\/09\/08\/ladron-masacrado-cuando-intento-asaltar-una-academia-de-karate\/","title":{"rendered":"Ladr\u00f3n masacrado cuando intent\u00f3 asaltar una academia de karate"},"content":{"rendered":"<p>Y el premio al ladr\u00f3n m\u00e1s tonto del a\u00f1o, junto con <a href=\"http:\/\/www.sofoca.cl\/pebre\/2007\/08\/27\/sujeto-va-a-robar-y-olvida-su-billetera\/\">este<\/a>.<\/p>\n<p>El hecho sucedi\u00f3 en Colombia, cuando un ladr\u00f3n intent\u00f3 asaltar una academia de karate. Lo malo para \u00e9l es que los estudiantes estaban en plena pr\u00e1ctica y \u00e9l recibi\u00f3 la paliza de su vida.<\/p>\n<blockquote><p>El desafortunado ladr\u00f3n se recupera en un hospital de la provincia nororiental de Santander, despu\u00e9s de que los practicantes del arte marcial japon\u00e9s pusieran a prueba sus conocimientos y lograran desarmarlo.<\/p><\/blockquote>\n<p><a href=\"http:\/\/es.noticias.yahoo.com\/rtrs\/20070908\/ten-colombia-ladron-karate-d3877cb_1.html\">Link<\/a> <em>(V\u00eda <a href=\"http:\/\/meneame.net\/story\/ladron-mas-tonto-ladron-recibe-paliza-asaltar-academia-karate\">Men\u00e9ame<\/a>)<\/em><\/p>\n","protected":false},"excerpt":{"rendered":"<p>Y el premio al ladr\u00f3n m\u00e1s tonto del a\u00f1o, junto con este. El hecho sucedi\u00f3 en Colombia, cuando un ladr\u00f3n intent\u00f3 asaltar una academia de karate. Lo malo para \u00e9l es que los estudiantes estaban en plena pr\u00e1ctica y \u00e9l recibi\u00f3 la paliza de su vida. El desafortunado ladr\u00f3n se recupera en un hospital de [&hellip;]<\/p>\n","protected":false},"author":2,"featured_media":0,"comment_status":"open","ping_status":"open","sticky":false,"template":"","format":"standard","meta":{"footnotes":""},"categories":[9,7],"tags":[],"class_list":["post-116","post","type-post","status-publish","format-standard","hentry","category-chanta","category-internacional"],"_links":{"self":[{"href":"http:\/\/www.sofoca.cl\/pebre\/wp-json\/wp\/v2\/posts\/116","targetHints":{"allow":["GET"]}}],"collection":[{"href":"http:\/\/www.sofoca.cl\/pebre\/wp-json\/wp\/v2\/posts"}],"about":[{"href":"http:\/\/www.sofoca.cl\/pebre\/wp-json\/wp\/v2\/types\/post"}],"author":[{"embeddable":true,"href":"http:\/\/www.sofoca.cl\/pebre\/wp-json\/wp\/v2\/users\/2"}],"replies":[{"embeddable":true,"href":"http:\/\/www.sofoca.cl\/pebre\/wp-json\/wp\/v2\/comments?post=116"}],"version-history":[{"count":0,"href":"http:\/\/www.sofoca.cl\/pebre\/wp-json\/wp\/v2\/posts\/116\/revisions"}],"wp:attachment":[{"href":"http:\/\/www.sofoca.cl\/pebre\/wp-json\/wp\/v2\/media?parent=116"}],"wp:term":[{"taxonomy":"category","embeddable":true,"href":"http:\/\/www.sofoca.cl\/pebre\/wp-json\/wp\/v2\/categories?post=116"},{"taxonomy":"post_tag","embeddable":true,"href":"http:\/\/www.sofoca.cl\/pebre\/wp-json\/wp\/v2\/tags?post=116"}],"curies":[{"name":"wp","href":"https:\/\/api.w.org\/{rel}","templated":true}]}}