{"id":118,"date":"2007-09-08T22:00:01","date_gmt":"2007-09-09T02:00:01","guid":{"rendered":"http:\/\/www.sofoca.cl\/pebre\/2007\/09\/08\/la-construccion-del-barrio-de-shinjuku-en-diez-segundos\/"},"modified":"2007-09-09T01:07:49","modified_gmt":"2007-09-09T05:07:49","slug":"la-construccion-del-barrio-de-shinjuku-en-diez-segundos","status":"publish","type":"post","link":"http:\/\/www.sofoca.cl\/pebre\/2007\/09\/08\/la-construccion-del-barrio-de-shinjuku-en-diez-segundos\/","title":{"rendered":"La evoluci\u00f3n del barrio de Shinjuku en diez segundos"},"content":{"rendered":"<p>El barrio de <a href=\"http:\/\/es.wikipedia.org\/wiki\/Shinjuku_%28Tokio%29\">Shinjuku<\/a> en Tokio, Jap\u00f3n es uno de <a href=\"http:\/\/www.kirainet.com\/categoria\/shinjuku\/\">los m\u00e1s cosmopolitas<\/a>. Est\u00e1 lleno de rascacielos y su estaci\u00f3n de trenes es la m\u00e1s usada del mundo.<\/p>\n<p>El siguiente es un video que muestra la evoluci\u00f3n del barrio entre 1969 y 2004, en tan s\u00f3lo diez segundos.<\/p>\n<iframe loading=\"lazy\" title=\"Skyscraper Construction - Shinjuku Skyscrapers Time-lapse\" width=\"500\" height=\"375\" src=\"https:\/\/www.youtube.com\/embed\/laPU0bS8JOc?feature=oembed\" frameborder=\"0\" allow=\"accelerometer; autoplay; clipboard-write; encrypted-media; gyroscope; picture-in-picture; web-share\" referrerpolicy=\"strict-origin-when-cross-origin\" allowfullscreen><\/iframe>\n<p>Seg\u00fan parece, las fotos son de un proyecto editado por Nakanishi Motoo el 2006. <a href=\"http:\/\/www.paos.net\/nishishinjuku\/\">Link<\/a> (en japon\u00e9s). <em>(V\u00eda <a href=\"http:\/\/www.boingboing.net\/2007\/09\/08\/shibuya-tokyo-skylin.html\">Boing Boing<\/a>)<\/em><\/p>\n","protected":false},"excerpt":{"rendered":"<p>El barrio de Shinjuku en Tokio, Jap\u00f3n es uno de los m\u00e1s cosmopolitas. Est\u00e1 lleno de rascacielos y su estaci\u00f3n de trenes es la m\u00e1s usada del mundo. El siguiente es un video que muestra la evoluci\u00f3n del barrio entre 1969 y 2004, en tan s\u00f3lo diez segundos. Seg\u00fan parece, las fotos son de un [&hellip;]<\/p>\n","protected":false},"author":2,"featured_media":0,"comment_status":"open","ping_status":"open","sticky":false,"template":"","format":"standard","meta":{"footnotes":""},"categories":[16,4],"tags":[],"class_list":["post-118","post","type-post","status-publish","format-standard","hentry","category-bakan","category-videos"],"_links":{"self":[{"href":"http:\/\/www.sofoca.cl\/pebre\/wp-json\/wp\/v2\/posts\/118","targetHints":{"allow":["GET"]}}],"collection":[{"href":"http:\/\/www.sofoca.cl\/pebre\/wp-json\/wp\/v2\/posts"}],"about":[{"href":"http:\/\/www.sofoca.cl\/pebre\/wp-json\/wp\/v2\/types\/post"}],"author":[{"embeddable":true,"href":"http:\/\/www.sofoca.cl\/pebre\/wp-json\/wp\/v2\/users\/2"}],"replies":[{"embeddable":true,"href":"http:\/\/www.sofoca.cl\/pebre\/wp-json\/wp\/v2\/comments?post=118"}],"version-history":[{"count":0,"href":"http:\/\/www.sofoca.cl\/pebre\/wp-json\/wp\/v2\/posts\/118\/revisions"}],"wp:attachment":[{"href":"http:\/\/www.sofoca.cl\/pebre\/wp-json\/wp\/v2\/media?parent=118"}],"wp:term":[{"taxonomy":"category","embeddable":true,"href":"http:\/\/www.sofoca.cl\/pebre\/wp-json\/wp\/v2\/categories?post=118"},{"taxonomy":"post_tag","embeddable":true,"href":"http:\/\/www.sofoca.cl\/pebre\/wp-json\/wp\/v2\/tags?post=118"}],"curies":[{"name":"wp","href":"https:\/\/api.w.org\/{rel}","templated":true}]}}