{"id":133,"date":"2007-09-11T22:33:10","date_gmt":"2007-09-12T02:33:10","guid":{"rendered":"http:\/\/www.sofoca.cl\/pebre\/2007\/09\/11\/recordando-el-11-de-septiembre\/"},"modified":"2007-09-11T22:33:10","modified_gmt":"2007-09-12T02:33:10","slug":"recordando-el-11-de-septiembre","status":"publish","type":"post","link":"http:\/\/www.sofoca.cl\/pebre\/2007\/09\/11\/recordando-el-11-de-septiembre\/","title":{"rendered":"Recordando el 11 de septiembre"},"content":{"rendered":"<p>En Chile queda la mansa embarr\u00e1 todos los 11, pero est\u00e1 claro que el 11 de septiembre va a ser una fecha para <a href=\"http:\/\/www.latercera.cl\/medio\/articulo\/0,0,3255_5664_296777779,00.html\">recordar<\/a>. <a href=\"http:\/\/www.latercera.cl\/medio\/articulo\/0,0,3255_5666_296815519,00.html\">Lo que sea<\/a>.<\/p>\n<p>En el resto del mundo se recuerdan de muchas e <a href=\"http:\/\/www.porlaputa.com\/2007\/09\/11\/mensaje-de-nuestro-amigo-delfin\/\">inveros\u00edmiles<\/a> maneras el 11-S. En Sofoca armamos un especial el mismo d\u00eda que sucedi\u00f3 el atentado, y ahora est\u00e1 <a href=\"http:\/\/sofoca.cl\/?p=165\">ac\u00e1<\/a>.<\/p>\n","protected":false},"excerpt":{"rendered":"<p>En Chile queda la mansa embarr\u00e1 todos los 11, pero est\u00e1 claro que el 11 de septiembre va a ser una fecha para recordar. Lo que sea. En el resto del mundo se recuerdan de muchas e inveros\u00edmiles maneras el 11-S. En Sofoca armamos un especial el mismo d\u00eda que sucedi\u00f3 el atentado, y ahora [&hellip;]<\/p>\n","protected":false},"author":2,"featured_media":0,"comment_status":"open","ping_status":"open","sticky":false,"template":"","format":"standard","meta":{"footnotes":""},"categories":[12,7,5],"tags":[],"class_list":["post-133","post","type-post","status-publish","format-standard","hentry","category-chile","category-internacional","category-internet"],"_links":{"self":[{"href":"http:\/\/www.sofoca.cl\/pebre\/wp-json\/wp\/v2\/posts\/133","targetHints":{"allow":["GET"]}}],"collection":[{"href":"http:\/\/www.sofoca.cl\/pebre\/wp-json\/wp\/v2\/posts"}],"about":[{"href":"http:\/\/www.sofoca.cl\/pebre\/wp-json\/wp\/v2\/types\/post"}],"author":[{"embeddable":true,"href":"http:\/\/www.sofoca.cl\/pebre\/wp-json\/wp\/v2\/users\/2"}],"replies":[{"embeddable":true,"href":"http:\/\/www.sofoca.cl\/pebre\/wp-json\/wp\/v2\/comments?post=133"}],"version-history":[{"count":0,"href":"http:\/\/www.sofoca.cl\/pebre\/wp-json\/wp\/v2\/posts\/133\/revisions"}],"wp:attachment":[{"href":"http:\/\/www.sofoca.cl\/pebre\/wp-json\/wp\/v2\/media?parent=133"}],"wp:term":[{"taxonomy":"category","embeddable":true,"href":"http:\/\/www.sofoca.cl\/pebre\/wp-json\/wp\/v2\/categories?post=133"},{"taxonomy":"post_tag","embeddable":true,"href":"http:\/\/www.sofoca.cl\/pebre\/wp-json\/wp\/v2\/tags?post=133"}],"curies":[{"name":"wp","href":"https:\/\/api.w.org\/{rel}","templated":true}]}}