{"id":14,"date":"2007-08-20T14:38:41","date_gmt":"2007-08-20T18:38:41","guid":{"rendered":"http:\/\/www.sofoca.cl\/pebre\/2007\/08\/20\/chavez-distribuye-ayuda-para-los-damnificados-del-terremoto-de-peru-con-latas-que-tienen-su-cara\/"},"modified":"2007-08-20T19:09:02","modified_gmt":"2007-08-20T23:09:02","slug":"chavez-distribuye-ayuda-para-los-damnificados-del-terremoto-de-peru-con-latas-que-tienen-su-cara","status":"publish","type":"post","link":"http:\/\/www.sofoca.cl\/pebre\/2007\/08\/20\/chavez-distribuye-ayuda-para-los-damnificados-del-terremoto-de-peru-con-latas-que-tienen-su-cara\/","title":{"rendered":"Ch\u00e1vez distribuye ayuda para los damnificados del terremoto de Per\u00fa con latas que tienen su cara"},"content":{"rendered":"<p style=\"text-align: center\"><img decoding=\"async\" src=\"http:\/\/www.sofoca.cl\/pebre\/wp-content\/uploads\/2007\/08\/1atunollantacopykr6.gif\" alt=\"Chavez Ollanta Lata\" \/><\/p>\n<p>Seg\u00fan la foto, la ayuda humanitaria que el gobierno de Venezuela est\u00e1 enviando a Per\u00fa tiene la cara de Hugo Ch\u00e1vez y de Ollanta Humala. La foto se ve bastante mal <del datetime=\"2007-08-20T23:03:34+00:00\">y no se puede concluir su veracidad<\/del>; pero de todas maneras es impresionante. <em>(V\u00eda <a href=\"http:\/\/www.disorder.cl\/blog\/2007\/08\/20\/a-chavez-no-se-le-escapa-una\/\">Disorder<\/a>)<\/em><\/p>\n<p><strong>Actualizaci\u00f3n:<\/strong> Confirmado, es verdad. Sin embargo, se andan echando la culpa entre varios:<\/p>\n<blockquote><p>El diario \u00abExpreso\u00bb inform\u00f3 hoy del reparto de esas latas, con una etiqueta en la que aparecen las fotos y el eslogan \u00abAnte los saqueos, desesperaci\u00f3n y caos. Solidaridad con nuestros compatriotas\u00bb, lo que despert\u00f3 las cr\u00edticas del gobierno, mientras venezolanos y nacionalistas negaron que la iniciativa fuera suya.<\/p>\n<p>\u00abNo es el momento de aprovecharse de las circunstancias para hacer propaganda electoral. Hay que llevar la ayuda sin membretes, sin etiquetas, sin querer ganarse indulgencias con la tragedia humana\u00bb, manifest\u00f3 el Presidente peruano, Alan Garc\u00eda.<\/p><\/blockquote>\n<p><a href=\"http:\/\/www.emol.com\/noticias\/internacional\/detalle\/detallenoticias.asp?idnoticia=272654\">Link<\/a><\/p>\n","protected":false},"excerpt":{"rendered":"<p>Seg\u00fan la foto, la ayuda humanitaria que el gobierno de Venezuela est\u00e1 enviando a Per\u00fa tiene la cara de Hugo Ch\u00e1vez y de Ollanta Humala. La foto se ve bastante mal y no se puede concluir su veracidad; pero de todas maneras es impresionante. (V\u00eda Disorder) Actualizaci\u00f3n: Confirmado, es verdad. Sin embargo, se andan echando [&hellip;]<\/p>\n","protected":false},"author":2,"featured_media":0,"comment_status":"open","ping_status":"open","sticky":false,"template":"","format":"standard","meta":{"footnotes":""},"categories":[7],"tags":[],"class_list":["post-14","post","type-post","status-publish","format-standard","hentry","category-internacional"],"_links":{"self":[{"href":"http:\/\/www.sofoca.cl\/pebre\/wp-json\/wp\/v2\/posts\/14","targetHints":{"allow":["GET"]}}],"collection":[{"href":"http:\/\/www.sofoca.cl\/pebre\/wp-json\/wp\/v2\/posts"}],"about":[{"href":"http:\/\/www.sofoca.cl\/pebre\/wp-json\/wp\/v2\/types\/post"}],"author":[{"embeddable":true,"href":"http:\/\/www.sofoca.cl\/pebre\/wp-json\/wp\/v2\/users\/2"}],"replies":[{"embeddable":true,"href":"http:\/\/www.sofoca.cl\/pebre\/wp-json\/wp\/v2\/comments?post=14"}],"version-history":[{"count":0,"href":"http:\/\/www.sofoca.cl\/pebre\/wp-json\/wp\/v2\/posts\/14\/revisions"}],"wp:attachment":[{"href":"http:\/\/www.sofoca.cl\/pebre\/wp-json\/wp\/v2\/media?parent=14"}],"wp:term":[{"taxonomy":"category","embeddable":true,"href":"http:\/\/www.sofoca.cl\/pebre\/wp-json\/wp\/v2\/categories?post=14"},{"taxonomy":"post_tag","embeddable":true,"href":"http:\/\/www.sofoca.cl\/pebre\/wp-json\/wp\/v2\/tags?post=14"}],"curies":[{"name":"wp","href":"https:\/\/api.w.org\/{rel}","templated":true}]}}