{"id":146,"date":"2007-09-13T10:51:44","date_gmt":"2007-09-13T14:51:44","guid":{"rendered":"http:\/\/www.sofoca.cl\/pebre\/2007\/09\/13\/ladron-asalta-a-un-ciego-que-era-luchador-de-judo\/"},"modified":"2007-09-13T11:12:32","modified_gmt":"2007-09-13T15:12:32","slug":"ladron-asalta-a-un-ciego-que-era-luchador-de-judo","status":"publish","type":"post","link":"http:\/\/www.sofoca.cl\/pebre\/2007\/09\/13\/ladron-asalta-a-un-ciego-que-era-luchador-de-judo\/","title":{"rendered":"Ladr\u00f3n asalta a un ciego&#8230; que era luchador de judo"},"content":{"rendered":"<p>Ya es <a href=\"http:\/\/www.sofoca.cl\/pebre\/2007\/09\/08\/ladron-masacrado-cuando-intento-asaltar-una-academia-de-karate\/\">como mucho<\/a>, ahora el ladr\u00f3n brillante que recibe una paliza es uno de Alemania que intent\u00f3 robarle a un ciego en una estaci\u00f3n de trenes. Pens\u00f3 que ser\u00eda presa f\u00e1cil, y despu\u00e9s de amenazarlo supo que el ciego era luchador de judo. Recibi\u00f3 una paliza y despu\u00e9s fue entregado a la polic\u00eda. <a href=\"http:\/\/espanol.news.yahoo.com\/s\/10092007\/2\/n-odities-asaltante-golpeado-alemania-ciego-experto-judo.html\">Link<\/a>.<\/p>\n","protected":false},"excerpt":{"rendered":"<p>Ya es como mucho, ahora el ladr\u00f3n brillante que recibe una paliza es uno de Alemania que intent\u00f3 robarle a un ciego en una estaci\u00f3n de trenes. Pens\u00f3 que ser\u00eda presa f\u00e1cil, y despu\u00e9s de amenazarlo supo que el ciego era luchador de judo. Recibi\u00f3 una paliza y despu\u00e9s fue entregado a la polic\u00eda. Link.<\/p>\n","protected":false},"author":2,"featured_media":0,"comment_status":"open","ping_status":"open","sticky":false,"template":"","format":"standard","meta":{"footnotes":""},"categories":[9,7],"tags":[],"class_list":["post-146","post","type-post","status-publish","format-standard","hentry","category-chanta","category-internacional"],"_links":{"self":[{"href":"http:\/\/www.sofoca.cl\/pebre\/wp-json\/wp\/v2\/posts\/146","targetHints":{"allow":["GET"]}}],"collection":[{"href":"http:\/\/www.sofoca.cl\/pebre\/wp-json\/wp\/v2\/posts"}],"about":[{"href":"http:\/\/www.sofoca.cl\/pebre\/wp-json\/wp\/v2\/types\/post"}],"author":[{"embeddable":true,"href":"http:\/\/www.sofoca.cl\/pebre\/wp-json\/wp\/v2\/users\/2"}],"replies":[{"embeddable":true,"href":"http:\/\/www.sofoca.cl\/pebre\/wp-json\/wp\/v2\/comments?post=146"}],"version-history":[{"count":0,"href":"http:\/\/www.sofoca.cl\/pebre\/wp-json\/wp\/v2\/posts\/146\/revisions"}],"wp:attachment":[{"href":"http:\/\/www.sofoca.cl\/pebre\/wp-json\/wp\/v2\/media?parent=146"}],"wp:term":[{"taxonomy":"category","embeddable":true,"href":"http:\/\/www.sofoca.cl\/pebre\/wp-json\/wp\/v2\/categories?post=146"},{"taxonomy":"post_tag","embeddable":true,"href":"http:\/\/www.sofoca.cl\/pebre\/wp-json\/wp\/v2\/tags?post=146"}],"curies":[{"name":"wp","href":"https:\/\/api.w.org\/{rel}","templated":true}]}}