{"id":153,"date":"2007-09-23T14:04:01","date_gmt":"2007-09-23T18:04:01","guid":{"rendered":"http:\/\/www.sofoca.cl\/pebre\/2007\/09\/23\/se-murio-marcel-marceau\/"},"modified":"2007-09-23T14:04:01","modified_gmt":"2007-09-23T18:04:01","slug":"se-murio-marcel-marceau","status":"publish","type":"post","link":"http:\/\/www.sofoca.cl\/pebre\/2007\/09\/23\/se-murio-marcel-marceau\/","title":{"rendered":"Se muri\u00f3 Marcel Marceau"},"content":{"rendered":"<p>El mimo m\u00e1s famoso del mundo, el franc\u00e9s Marcel Marceau, se muri\u00f3 a la edad de 84 a\u00f1os. Era conocido por su personaje Bip, recorri\u00f3 el mundo con sus shows y ayud\u00f3 a revivir el arte de la pantomima. <a href=\"http:\/\/news.bbc.co.uk\/hi\/spanish\/misc\/newsid_7009000\/7009056.stm\">Link<\/a>.<\/p>\n<iframe loading=\"lazy\" title=\"Marcel Marceau\" width=\"500\" height=\"375\" src=\"https:\/\/www.youtube.com\/embed\/zNqskkKMkFQ?feature=oembed\" frameborder=\"0\" allow=\"accelerometer; autoplay; clipboard-write; encrypted-media; gyroscope; picture-in-picture; web-share\" referrerpolicy=\"strict-origin-when-cross-origin\" allowfullscreen><\/iframe>\n","protected":false},"excerpt":{"rendered":"<p>El mimo m\u00e1s famoso del mundo, el franc\u00e9s Marcel Marceau, se muri\u00f3 a la edad de 84 a\u00f1os. Era conocido por su personaje Bip, recorri\u00f3 el mundo con sus shows y ayud\u00f3 a revivir el arte de la pantomima. Link.<\/p>\n","protected":false},"author":2,"featured_media":0,"comment_status":"open","ping_status":"open","sticky":false,"template":"","format":"standard","meta":{"footnotes":""},"categories":[17,7],"tags":[],"class_list":["post-153","post","type-post","status-publish","format-standard","hentry","category-caput","category-internacional"],"_links":{"self":[{"href":"http:\/\/www.sofoca.cl\/pebre\/wp-json\/wp\/v2\/posts\/153","targetHints":{"allow":["GET"]}}],"collection":[{"href":"http:\/\/www.sofoca.cl\/pebre\/wp-json\/wp\/v2\/posts"}],"about":[{"href":"http:\/\/www.sofoca.cl\/pebre\/wp-json\/wp\/v2\/types\/post"}],"author":[{"embeddable":true,"href":"http:\/\/www.sofoca.cl\/pebre\/wp-json\/wp\/v2\/users\/2"}],"replies":[{"embeddable":true,"href":"http:\/\/www.sofoca.cl\/pebre\/wp-json\/wp\/v2\/comments?post=153"}],"version-history":[{"count":0,"href":"http:\/\/www.sofoca.cl\/pebre\/wp-json\/wp\/v2\/posts\/153\/revisions"}],"wp:attachment":[{"href":"http:\/\/www.sofoca.cl\/pebre\/wp-json\/wp\/v2\/media?parent=153"}],"wp:term":[{"taxonomy":"category","embeddable":true,"href":"http:\/\/www.sofoca.cl\/pebre\/wp-json\/wp\/v2\/categories?post=153"},{"taxonomy":"post_tag","embeddable":true,"href":"http:\/\/www.sofoca.cl\/pebre\/wp-json\/wp\/v2\/tags?post=153"}],"curies":[{"name":"wp","href":"https:\/\/api.w.org\/{rel}","templated":true}]}}