{"id":165,"date":"2007-09-27T19:30:29","date_gmt":"2007-09-27T23:30:29","guid":{"rendered":"http:\/\/www.sofoca.cl\/pebre\/2007\/09\/27\/armada-estadounidense-tiene-un-edificio-con-forma-de-esvastica\/"},"modified":"2007-09-27T19:30:29","modified_gmt":"2007-09-27T23:30:29","slug":"armada-estadounidense-tiene-un-edificio-con-forma-de-esvastica","status":"publish","type":"post","link":"http:\/\/www.sofoca.cl\/pebre\/2007\/09\/27\/armada-estadounidense-tiene-un-edificio-con-forma-de-esvastica\/","title":{"rendered":"Armada estadounidense tiene un edificio con forma de esv\u00e1stica"},"content":{"rendered":"<p style=\"text-align: center\"><img decoding=\"async\" src=\"http:\/\/www.sofoca.cl\/pebre\/wp-content\/uploads\/2007\/09\/navy-building-looks-like-swastika.jpg\" alt=\"navy-building-looks-like-swastika.jpg\" \/><\/p>\n<p>El edificio de la Armada de Colorado, Estados Unidos fue hecho en los &#8217;60 y no se dieron cuenta de la forma que ten\u00eda hasta 1967; pero decidieron dejarlo as\u00ed porque la esv\u00e1stica no era visible desde la calle y tampoco desde ning\u00fan edificio cercano. Todo eso cambiar\u00eda con la llegada de&#8230; Google Earth. La gente empez\u00f3 a reclamar por la forma del edificio y ahora <em>The Navy<\/em> anunci\u00f3 que gastar\u00e1 $600.000 d\u00f3lares para \u00abcamuflar\u00bb el signo supuestamente nazi. <a href=\"http:\/\/www.latimes.com\/news\/local\/la-me-swastika26sep26,0,2973328.story?track=mostviewed-storylevel\">Link<\/a> <em>(V\u00eda <a href=\"http:\/\/www.neatorama.com\/2007\/09\/27\/navys-barracks-looks-like-giant-swastika-from-the-air\/\">Neatorama<\/a>)<\/em><\/p>\n","protected":false},"excerpt":{"rendered":"<p>El edificio de la Armada de Colorado, Estados Unidos fue hecho en los &#8217;60 y no se dieron cuenta de la forma que ten\u00eda hasta 1967; pero decidieron dejarlo as\u00ed porque la esv\u00e1stica no era visible desde la calle y tampoco desde ning\u00fan edificio cercano. Todo eso cambiar\u00eda con la llegada de&#8230; Google Earth. La [&hellip;]<\/p>\n","protected":false},"author":2,"featured_media":0,"comment_status":"open","ping_status":"open","sticky":false,"template":"","format":"standard","meta":{"footnotes":""},"categories":[13,10],"tags":[],"class_list":["post-165","post","type-post","status-publish","format-standard","hentry","category-fotos","category-loco"],"_links":{"self":[{"href":"http:\/\/www.sofoca.cl\/pebre\/wp-json\/wp\/v2\/posts\/165","targetHints":{"allow":["GET"]}}],"collection":[{"href":"http:\/\/www.sofoca.cl\/pebre\/wp-json\/wp\/v2\/posts"}],"about":[{"href":"http:\/\/www.sofoca.cl\/pebre\/wp-json\/wp\/v2\/types\/post"}],"author":[{"embeddable":true,"href":"http:\/\/www.sofoca.cl\/pebre\/wp-json\/wp\/v2\/users\/2"}],"replies":[{"embeddable":true,"href":"http:\/\/www.sofoca.cl\/pebre\/wp-json\/wp\/v2\/comments?post=165"}],"version-history":[{"count":0,"href":"http:\/\/www.sofoca.cl\/pebre\/wp-json\/wp\/v2\/posts\/165\/revisions"}],"wp:attachment":[{"href":"http:\/\/www.sofoca.cl\/pebre\/wp-json\/wp\/v2\/media?parent=165"}],"wp:term":[{"taxonomy":"category","embeddable":true,"href":"http:\/\/www.sofoca.cl\/pebre\/wp-json\/wp\/v2\/categories?post=165"},{"taxonomy":"post_tag","embeddable":true,"href":"http:\/\/www.sofoca.cl\/pebre\/wp-json\/wp\/v2\/tags?post=165"}],"curies":[{"name":"wp","href":"https:\/\/api.w.org\/{rel}","templated":true}]}}