{"id":167,"date":"2007-09-28T18:51:47","date_gmt":"2007-09-28T22:51:47","guid":{"rendered":"http:\/\/www.sofoca.cl\/pebre\/2007\/09\/28\/birmania-y-el-internet-bloqueado\/"},"modified":"2007-10-08T18:37:03","modified_gmt":"2007-10-08T22:37:03","slug":"birmania-y-el-internet-bloqueado","status":"publish","type":"post","link":"http:\/\/www.sofoca.cl\/pebre\/2007\/09\/28\/birmania-y-el-internet-bloqueado\/","title":{"rendered":"Birmania y el internet bloqueado"},"content":{"rendered":"<p><img decoding=\"async\" src=\"http:\/\/upload.wikimedia.org\/wikipedia\/commons\/thumb\/e\/e0\/2007_Myanmar_protests_7.jpg\/350px-2007_Myanmar_protests_7.jpg\" align=\"right\" alt=\"\" \/>Las protestas contra la junta militar gobernante en Birmania han tenido una serie de graves repercusiones desde que se iniciaron el 15 de agosto de este a\u00f1o. Han sido reprimidas severamente con toques de queda, censura y muchas otras medidas. Hasta ahora se cuentan quince muertos, incluyendo un fot\u00f3grafo japon\u00e9s.<\/p>\n<p>La represi\u00f3n no se ha dado s\u00f3lo en los medios tradicionales: uno de los medios m\u00e1s censurados ha sido el internet. Al inicio <a href=\"http:\/\/alt1040.com\/archivo\/2007\/09\/27\/imagenes-por-bloggers-de-las-protestas-en-birmania\/\">las \u00fanicas v\u00edas de obtener informaci\u00f3n eran los blogs<\/a>, donde se encontraba la informaci\u00f3n de manera m\u00e1s contundente e inmediata. La junta empez\u00f3 por bloquear los servicios de correo electr\u00f3nico y similares; pero siempre se le encontraba una manera de pasar por alto el bloqueo. Hoy d\u00eda, 28 de septiembre, se ha bloqueado el acceso a <strong>toda la internet<\/strong> en el pa\u00eds por \u00abmantenimiento\u00bb. No s\u00f3lo eso, adem\u00e1s <a href=\"http:\/\/www.lanacion.cl\/prontus_noticias_v2\/site\/artic\/20070928\/pags\/20070928083907.html\">se han clausurado los cibercaf\u00e9s<\/a>. Para rematar, se impuso la prohibici\u00f3n total de tomar y publicar fotos.<\/p>\n<p>A pesar del clima adverso, <a href=\"http:\/\/alt1040.com\/archivo\/2007\/09\/28\/birmania-aun-con-el-internet-bloqueado-los-bloggers-siguen-informando\/\">la gente se las sigue arreglando para publicar<\/a>: en el sitio <a href=\"http:\/\/\">Global Voices Online<\/a> se recogen varios testimonios de birmanos. Otros sitios donde se sigue publicando es en el blog <a href=\"http:\/\/moemaka.blogspot.com\/\">MoeMaKa Media<\/a>. Con el bloqueo total de la internet, uno de los sitios donde m\u00e1s fluye la informaci\u00f3n es en una simple <a href=\"http:\/\/niknayman.cbox.ws\/\">caja de comentarios<\/a> (<em>commentbox<\/em> o <em>tagboard<\/em>, para los snobs). Lo que est\u00e1 claro es que el asunto tiene para rato. Y la gente no se va a quedar callada.<\/p>\n<h3>Links relacionados<\/h3>\n<ul>\n<li>Las protestas <a href=\"http:\/\/es.wikipedia.org\/wiki\/Protestas_antigubernamentales_en_Birmania_de_2007\">en Wikipedia<\/a>. O <a href=\"http:\/\/en.wikipedia.org\/wiki\/2007_Burmese_anti-government_protests\">en ingl\u00e9s<\/a>, m\u00e1s completo.<\/li>\n<li><a href=\"http:\/\/www.boingboing.net\/2007\/09\/28\/burma-net-cut-as-bru.html\">An\u00e1lisis<\/a> en Boing Boing<\/li>\n<\/ul>\n","protected":false},"excerpt":{"rendered":"<p>Las protestas contra la junta militar gobernante en Birmania han tenido una serie de graves repercusiones desde que se iniciaron el 15 de agosto de este a\u00f1o. Han sido reprimidas severamente con toques de queda, censura y muchas otras medidas. Hasta ahora se cuentan quince muertos, incluyendo un fot\u00f3grafo japon\u00e9s. La represi\u00f3n no se ha [&hellip;]<\/p>\n","protected":false},"author":2,"featured_media":0,"comment_status":"open","ping_status":"open","sticky":false,"template":"","format":"standard","meta":{"footnotes":""},"categories":[9,7,18],"tags":[],"class_list":["post-167","post","type-post","status-publish","format-standard","hentry","category-chanta","category-internacional","category-tecnologia"],"_links":{"self":[{"href":"http:\/\/www.sofoca.cl\/pebre\/wp-json\/wp\/v2\/posts\/167","targetHints":{"allow":["GET"]}}],"collection":[{"href":"http:\/\/www.sofoca.cl\/pebre\/wp-json\/wp\/v2\/posts"}],"about":[{"href":"http:\/\/www.sofoca.cl\/pebre\/wp-json\/wp\/v2\/types\/post"}],"author":[{"embeddable":true,"href":"http:\/\/www.sofoca.cl\/pebre\/wp-json\/wp\/v2\/users\/2"}],"replies":[{"embeddable":true,"href":"http:\/\/www.sofoca.cl\/pebre\/wp-json\/wp\/v2\/comments?post=167"}],"version-history":[{"count":0,"href":"http:\/\/www.sofoca.cl\/pebre\/wp-json\/wp\/v2\/posts\/167\/revisions"}],"wp:attachment":[{"href":"http:\/\/www.sofoca.cl\/pebre\/wp-json\/wp\/v2\/media?parent=167"}],"wp:term":[{"taxonomy":"category","embeddable":true,"href":"http:\/\/www.sofoca.cl\/pebre\/wp-json\/wp\/v2\/categories?post=167"},{"taxonomy":"post_tag","embeddable":true,"href":"http:\/\/www.sofoca.cl\/pebre\/wp-json\/wp\/v2\/tags?post=167"}],"curies":[{"name":"wp","href":"https:\/\/api.w.org\/{rel}","templated":true}]}}