{"id":177,"date":"2007-09-30T20:10:31","date_gmt":"2007-10-01T00:10:31","guid":{"rendered":"http:\/\/www.sofoca.cl\/pebre\/2007\/09\/30\/arturo-frei-bolivar-uno-como-usted\/"},"modified":"2007-09-30T20:10:31","modified_gmt":"2007-10-01T00:10:31","slug":"arturo-frei-bolivar-uno-como-usted","status":"publish","type":"post","link":"http:\/\/www.sofoca.cl\/pebre\/2007\/09\/30\/arturo-frei-bolivar-uno-como-usted\/","title":{"rendered":"Arturo Frei Bol\u00edvar: Uno como usted"},"content":{"rendered":"<p><a href=\"http:\/\/es.wikipedia.org\/wiki\/Arturo_Frei_Bol%C3%ADvar\">Arturo Frei Bol\u00edvar<\/a> es un pol\u00edtico chileno. Nunca tuvo mucha figuraci\u00f3n, a pesar de que particip\u00f3 como candidato en la elecci\u00f3n presidencial del a\u00f1o 1999, representando a la Uni\u00f3n de Centro Centro e Independientes. S\u00f3lo sac\u00f3 el 0,38% del total de la votaci\u00f3n, pero no es por eso que lo recordamos: de todas las campa\u00f1as, la suya ten\u00eda el <em>single<\/em> m\u00e1s pegajoso, insulso y emblem\u00e1tico.<\/p>\n<p>Seguramente la gente se acuerde m\u00e1s del <em>single<\/em> que de la existencia de Frei Bol\u00edvar, sobre todo si \u00e9sta dec\u00eda \u00abArturo Frei Bol\u00edvar \/ el primero de los seis \/ Arturo Frei Bol\u00edvar \/ uno como usted \/ nos unir\u00e1, nos guiar\u00e1 \/ uno como Arturo Frei \/ uno como usted \/ Arturo Frei Bol\u00edvar \/ Arturo Frei Bol\u00edvar \/ uno como usted\u00bb.<\/p>\n<a href=\"http:\/\/www.youtube.com\/watch?v=KygfkB-zBZk\">http:\/\/www.youtube.com\/watch?v=KygfkB-zBZk<\/a>\n<p><em>(V\u00eda <a href=\"http:\/\/www.porlaputa.com\/2007\/09\/30\/uno-como-usted\/\">Porlaputa<\/a>)<\/em><\/p>\n","protected":false},"excerpt":{"rendered":"<p>Arturo Frei Bol\u00edvar es un pol\u00edtico chileno. Nunca tuvo mucha figuraci\u00f3n, a pesar de que particip\u00f3 como candidato en la elecci\u00f3n presidencial del a\u00f1o 1999, representando a la Uni\u00f3n de Centro Centro e Independientes. S\u00f3lo sac\u00f3 el 0,38% del total de la votaci\u00f3n, pero no es por eso que lo recordamos: de todas las campa\u00f1as, [&hellip;]<\/p>\n","protected":false},"author":2,"featured_media":0,"comment_status":"open","ping_status":"open","sticky":false,"template":"","format":"standard","meta":{"footnotes":""},"categories":[12,14,4],"tags":[],"class_list":["post-177","post","type-post","status-publish","format-standard","hentry","category-chile","category-publicidad","category-videos"],"_links":{"self":[{"href":"http:\/\/www.sofoca.cl\/pebre\/wp-json\/wp\/v2\/posts\/177","targetHints":{"allow":["GET"]}}],"collection":[{"href":"http:\/\/www.sofoca.cl\/pebre\/wp-json\/wp\/v2\/posts"}],"about":[{"href":"http:\/\/www.sofoca.cl\/pebre\/wp-json\/wp\/v2\/types\/post"}],"author":[{"embeddable":true,"href":"http:\/\/www.sofoca.cl\/pebre\/wp-json\/wp\/v2\/users\/2"}],"replies":[{"embeddable":true,"href":"http:\/\/www.sofoca.cl\/pebre\/wp-json\/wp\/v2\/comments?post=177"}],"version-history":[{"count":0,"href":"http:\/\/www.sofoca.cl\/pebre\/wp-json\/wp\/v2\/posts\/177\/revisions"}],"wp:attachment":[{"href":"http:\/\/www.sofoca.cl\/pebre\/wp-json\/wp\/v2\/media?parent=177"}],"wp:term":[{"taxonomy":"category","embeddable":true,"href":"http:\/\/www.sofoca.cl\/pebre\/wp-json\/wp\/v2\/categories?post=177"},{"taxonomy":"post_tag","embeddable":true,"href":"http:\/\/www.sofoca.cl\/pebre\/wp-json\/wp\/v2\/tags?post=177"}],"curies":[{"name":"wp","href":"https:\/\/api.w.org\/{rel}","templated":true}]}}