{"id":178,"date":"2007-10-01T16:07:50","date_gmt":"2007-10-01T20:07:50","guid":{"rendered":"http:\/\/www.sofoca.cl\/pebre\/2007\/10\/01\/calle-violeta-parra\/"},"modified":"2007-10-01T21:34:07","modified_gmt":"2007-10-02T01:34:07","slug":"calle-violeta-parra","status":"publish","type":"post","link":"http:\/\/www.sofoca.cl\/pebre\/2007\/10\/01\/calle-violeta-parra\/","title":{"rendered":"Calle Violeta Parra"},"content":{"rendered":"<p style=\"text-align: center\"><img decoding=\"async\" src=\"http:\/\/upload.wikimedia.org\/wikipedia\/commons\/thumb\/d\/da\/Parra01f.PNG\/220px-Parra01f.PNG\" alt=\"Violeta Parra\" \/><\/p>\n<p style=\"text-align: center\">&nbsp;<\/p>\n<p>En el blog <a href=\"http:\/\/www.lacalleparavioleta.blogspot.com\/\">La calle Carmen para Violeta Parra<\/a> quieren&#8230; eh&#8230; cambiarle el nombre a la calle Carmen y ponerle Violeta Parra. Genial.<\/p>\n<p>Es una campa\u00f1a de la radio <a href=\"http:\/\/www.rockandpop.cl\">Rock &amp; Pop<\/a> por ocasi\u00f3n de los 90 a\u00f1os del nacimiento de la artista y argumentan su petici\u00f3n diciendo que Violeta es la verdadera <em>Rock&amp;Pop Star<\/em>. Reciben apoyo por mail, en comentarios de blog y en <a href=\"http:\/\/www.youchoose.net\/files\/linkto\/pledge-campaign.gif\">esta<\/a> votaci\u00f3n.<a href=\"http:\/\/www.lacalleparavioleta.blogspot.com\/\"> Link<\/a> <em>(V\u00eda <a href=\"http:\/\/www.192.cl\/blog\/una-calle-para-violeta-parra\/\">192<\/a>)<\/em><\/p>\n","protected":false},"excerpt":{"rendered":"<p>&nbsp; En el blog La calle Carmen para Violeta Parra quieren&#8230; eh&#8230; cambiarle el nombre a la calle Carmen y ponerle Violeta Parra. Genial. Es una campa\u00f1a de la radio Rock &amp; Pop por ocasi\u00f3n de los 90 a\u00f1os del nacimiento de la artista y argumentan su petici\u00f3n diciendo que Violeta es la verdadera Rock&amp;Pop [&hellip;]<\/p>\n","protected":false},"author":2,"featured_media":0,"comment_status":"open","ping_status":"open","sticky":false,"template":"","format":"standard","meta":{"footnotes":""},"categories":[12,6,14],"tags":[],"class_list":["post-178","post","type-post","status-publish","format-standard","hentry","category-chile","category-musica","category-publicidad"],"_links":{"self":[{"href":"http:\/\/www.sofoca.cl\/pebre\/wp-json\/wp\/v2\/posts\/178","targetHints":{"allow":["GET"]}}],"collection":[{"href":"http:\/\/www.sofoca.cl\/pebre\/wp-json\/wp\/v2\/posts"}],"about":[{"href":"http:\/\/www.sofoca.cl\/pebre\/wp-json\/wp\/v2\/types\/post"}],"author":[{"embeddable":true,"href":"http:\/\/www.sofoca.cl\/pebre\/wp-json\/wp\/v2\/users\/2"}],"replies":[{"embeddable":true,"href":"http:\/\/www.sofoca.cl\/pebre\/wp-json\/wp\/v2\/comments?post=178"}],"version-history":[{"count":0,"href":"http:\/\/www.sofoca.cl\/pebre\/wp-json\/wp\/v2\/posts\/178\/revisions"}],"wp:attachment":[{"href":"http:\/\/www.sofoca.cl\/pebre\/wp-json\/wp\/v2\/media?parent=178"}],"wp:term":[{"taxonomy":"category","embeddable":true,"href":"http:\/\/www.sofoca.cl\/pebre\/wp-json\/wp\/v2\/categories?post=178"},{"taxonomy":"post_tag","embeddable":true,"href":"http:\/\/www.sofoca.cl\/pebre\/wp-json\/wp\/v2\/tags?post=178"}],"curies":[{"name":"wp","href":"https:\/\/api.w.org\/{rel}","templated":true}]}}