{"id":185,"date":"2007-10-03T00:13:57","date_gmt":"2007-10-03T04:13:57","guid":{"rendered":"http:\/\/www.sofoca.cl\/pebre\/2007\/10\/03\/nada-que-ver-en-youtube-y-en-la-tele\/"},"modified":"2007-10-03T00:14:43","modified_gmt":"2007-10-03T04:14:43","slug":"nada-que-ver-en-youtube-y-en-la-tele","status":"publish","type":"post","link":"http:\/\/www.sofoca.cl\/pebre\/2007\/10\/03\/nada-que-ver-en-youtube-y-en-la-tele\/","title":{"rendered":"\u00abNada que ver\u00bb en YouTube y en la tele"},"content":{"rendered":"<iframe loading=\"lazy\" title=\"Coffee Time\" width=\"500\" height=\"375\" src=\"https:\/\/www.youtube.com\/embed\/5iWrLDfikmQ?feature=oembed\" frameborder=\"0\" allow=\"accelerometer; autoplay; clipboard-write; encrypted-media; gyroscope; picture-in-picture; web-share\" referrerpolicy=\"strict-origin-when-cross-origin\" allowfullscreen><\/iframe>\n<p>A pesar de <a href=\"http:\/\/www.latercera.cl\/medio\/articulo\/0,0,3255_5688_279783019,00.html\">la controversia<\/a>, el programa animado <a href=\"http:\/\/www.nadaquever.net\/\">Nada que ver<\/a> vuelve a la tele: los martes a las 22:00 hrs. (hora de Chile) por el Canal Sony. Otra cosa: Sony abri\u00f3 su canal en YouTube por lo que ya no deber\u00edan borrar los videos que suben los fan\u00e1ticos. Bien.<\/p>\n<p>El programa sac\u00f3 ronchas principalmente gracias a las parodias de presidentes sudamericanos. En Chile reclamaron harto por una aparici\u00f3n de Michelle Bachelet, que se puede ver en el video de arriba. <em>(V\u00eda <a href=\"http:\/\/www.quepitia.com\/2007\/10\/02\/nada-que-ver-regreso-a-youtube-y-a-la-tele\/\">Qu\u00e9 Pitia!<\/a>)<\/em><\/p>\n","protected":false},"excerpt":{"rendered":"<p>A pesar de la controversia, el programa animado Nada que ver vuelve a la tele: los martes a las 22:00 hrs. (hora de Chile) por el Canal Sony. Otra cosa: Sony abri\u00f3 su canal en YouTube por lo que ya no deber\u00edan borrar los videos que suben los fan\u00e1ticos. Bien. El programa sac\u00f3 ronchas principalmente [&hellip;]<\/p>\n","protected":false},"author":2,"featured_media":0,"comment_status":"open","ping_status":"open","sticky":false,"template":"","format":"standard","meta":{"footnotes":""},"categories":[16,7,4],"tags":[],"class_list":["post-185","post","type-post","status-publish","format-standard","hentry","category-bakan","category-internacional","category-videos"],"_links":{"self":[{"href":"http:\/\/www.sofoca.cl\/pebre\/wp-json\/wp\/v2\/posts\/185","targetHints":{"allow":["GET"]}}],"collection":[{"href":"http:\/\/www.sofoca.cl\/pebre\/wp-json\/wp\/v2\/posts"}],"about":[{"href":"http:\/\/www.sofoca.cl\/pebre\/wp-json\/wp\/v2\/types\/post"}],"author":[{"embeddable":true,"href":"http:\/\/www.sofoca.cl\/pebre\/wp-json\/wp\/v2\/users\/2"}],"replies":[{"embeddable":true,"href":"http:\/\/www.sofoca.cl\/pebre\/wp-json\/wp\/v2\/comments?post=185"}],"version-history":[{"count":0,"href":"http:\/\/www.sofoca.cl\/pebre\/wp-json\/wp\/v2\/posts\/185\/revisions"}],"wp:attachment":[{"href":"http:\/\/www.sofoca.cl\/pebre\/wp-json\/wp\/v2\/media?parent=185"}],"wp:term":[{"taxonomy":"category","embeddable":true,"href":"http:\/\/www.sofoca.cl\/pebre\/wp-json\/wp\/v2\/categories?post=185"},{"taxonomy":"post_tag","embeddable":true,"href":"http:\/\/www.sofoca.cl\/pebre\/wp-json\/wp\/v2\/tags?post=185"}],"curies":[{"name":"wp","href":"https:\/\/api.w.org\/{rel}","templated":true}]}}