{"id":188,"date":"2007-10-03T16:17:23","date_gmt":"2007-10-03T20:17:23","guid":{"rendered":"http:\/\/www.sofoca.cl\/pebre\/2007\/10\/03\/quino-y-la-television\/"},"modified":"2007-10-03T16:17:23","modified_gmt":"2007-10-03T20:17:23","slug":"quino-y-la-television","status":"publish","type":"post","link":"http:\/\/www.sofoca.cl\/pebre\/2007\/10\/03\/quino-y-la-television\/","title":{"rendered":"Quino y la televisi\u00f3n"},"content":{"rendered":"<p style=\"text-align: center\"><img decoding=\"async\" src=\"http:\/\/www.sofoca.cl\/pebre\/wp-content\/uploads\/2007\/10\/tv-borregos.jpeg\" alt=\"La televisi\u00f3n\" \/><\/p>\n<p>El que no conozca a <a href=\"http:\/\/es.wikipedia.org\/wiki\/Quino\">Quino<\/a> <del datetime=\"2007-10-03T20:09:26+00:00\">se puede ir al infierno<\/del> tiene que saber que es el autor de Mafalda, una de las tiras c\u00f3micas sudamericanas m\u00e1s reconocidas a nivel mundial. Aparte de eso, es el autor de numerosos otras historietas y m\u00e1s que nada chistes gr\u00e1ficos, la mayor\u00eda mudos (sin palabras). <a href=\"http:\/\/www.supernetx.com\/tan-mala-sera-la-television\/\">Link<\/a> <em>(V\u00eda <a href=\"http:\/\/meneame.net\/story\/la-television-es-mala\">Men\u00e9ame<\/a>)<\/em><\/p>\n","protected":false},"excerpt":{"rendered":"<p>El que no conozca a Quino se puede ir al infierno tiene que saber que es el autor de Mafalda, una de las tiras c\u00f3micas sudamericanas m\u00e1s reconocidas a nivel mundial. Aparte de eso, es el autor de numerosos otras historietas y m\u00e1s que nada chistes gr\u00e1ficos, la mayor\u00eda mudos (sin palabras). Link (V\u00eda Men\u00e9ame)<\/p>\n","protected":false},"author":2,"featured_media":0,"comment_status":"open","ping_status":"open","sticky":false,"template":"","format":"standard","meta":{"footnotes":""},"categories":[16,15],"tags":[],"class_list":["post-188","post","type-post","status-publish","format-standard","hentry","category-bakan","category-comic"],"_links":{"self":[{"href":"http:\/\/www.sofoca.cl\/pebre\/wp-json\/wp\/v2\/posts\/188","targetHints":{"allow":["GET"]}}],"collection":[{"href":"http:\/\/www.sofoca.cl\/pebre\/wp-json\/wp\/v2\/posts"}],"about":[{"href":"http:\/\/www.sofoca.cl\/pebre\/wp-json\/wp\/v2\/types\/post"}],"author":[{"embeddable":true,"href":"http:\/\/www.sofoca.cl\/pebre\/wp-json\/wp\/v2\/users\/2"}],"replies":[{"embeddable":true,"href":"http:\/\/www.sofoca.cl\/pebre\/wp-json\/wp\/v2\/comments?post=188"}],"version-history":[{"count":0,"href":"http:\/\/www.sofoca.cl\/pebre\/wp-json\/wp\/v2\/posts\/188\/revisions"}],"wp:attachment":[{"href":"http:\/\/www.sofoca.cl\/pebre\/wp-json\/wp\/v2\/media?parent=188"}],"wp:term":[{"taxonomy":"category","embeddable":true,"href":"http:\/\/www.sofoca.cl\/pebre\/wp-json\/wp\/v2\/categories?post=188"},{"taxonomy":"post_tag","embeddable":true,"href":"http:\/\/www.sofoca.cl\/pebre\/wp-json\/wp\/v2\/tags?post=188"}],"curies":[{"name":"wp","href":"https:\/\/api.w.org\/{rel}","templated":true}]}}