{"id":19,"date":"2007-08-20T23:51:57","date_gmt":"2007-08-21T03:51:57","guid":{"rendered":"http:\/\/www.sofoca.cl\/pebre\/2007\/08\/20\/tres-meses-de-cuenta-pro-en-flickr-gratis\/"},"modified":"2007-08-20T23:51:57","modified_gmt":"2007-08-21T03:51:57","slug":"tres-meses-de-cuenta-pro-en-flickr-gratis","status":"publish","type":"post","link":"http:\/\/www.sofoca.cl\/pebre\/2007\/08\/20\/tres-meses-de-cuenta-pro-en-flickr-gratis\/","title":{"rendered":"Tres meses de cuenta pro en Flickr, gratis"},"content":{"rendered":"<p>Cuento corto: <a href=\"http:\/\/www.yahoo.com\">Yahoo!<\/a> compr\u00f3 a <a href=\"http:\/\/www.yahoo.com\">Flickr<\/a>. Sin embargo, Yahoo! ya ten\u00eda un servicio de almacenamiento de fotos (Yahoo! Photos) y con la compra de Flickr decidi\u00f3 cerrarlo (y de paso, borrar todas las fotos que los usuarios de Yahoo! hab\u00edan subido ah\u00ed). Para hacer menos traum\u00e1tico el cambio de Yahoo! Photos a Flickr, se implement\u00f3 un sistema que traspasa autom\u00e1ticamente tus fotos&#8230; y como regalito por la molestia de tener que cambiarte, te dan tres meses de cuenta pro gratis. Pues bien, el truco est\u00e1 en que puedes activar esos tres meses con el hecho de mover una sola foto, incluso si nunca has usado Yahoo! Photos antes. <a href=\"http:\/\/www.espartha.com\/blog\/2007\/07\/19\/obtener-3-meses-de-flickr-pro-gratis\/\">Link<\/a> a una gu\u00eda detallada paso a paso para hacer el truco.<\/p>\n","protected":false},"excerpt":{"rendered":"<p>Cuento corto: Yahoo! compr\u00f3 a Flickr. Sin embargo, Yahoo! ya ten\u00eda un servicio de almacenamiento de fotos (Yahoo! Photos) y con la compra de Flickr decidi\u00f3 cerrarlo (y de paso, borrar todas las fotos que los usuarios de Yahoo! hab\u00edan subido ah\u00ed). Para hacer menos traum\u00e1tico el cambio de Yahoo! Photos a Flickr, se implement\u00f3 [&hellip;]<\/p>\n","protected":false},"author":2,"featured_media":0,"comment_status":"open","ping_status":"open","sticky":false,"template":"","format":"standard","meta":{"footnotes":""},"categories":[5],"tags":[],"class_list":["post-19","post","type-post","status-publish","format-standard","hentry","category-internet"],"_links":{"self":[{"href":"http:\/\/www.sofoca.cl\/pebre\/wp-json\/wp\/v2\/posts\/19","targetHints":{"allow":["GET"]}}],"collection":[{"href":"http:\/\/www.sofoca.cl\/pebre\/wp-json\/wp\/v2\/posts"}],"about":[{"href":"http:\/\/www.sofoca.cl\/pebre\/wp-json\/wp\/v2\/types\/post"}],"author":[{"embeddable":true,"href":"http:\/\/www.sofoca.cl\/pebre\/wp-json\/wp\/v2\/users\/2"}],"replies":[{"embeddable":true,"href":"http:\/\/www.sofoca.cl\/pebre\/wp-json\/wp\/v2\/comments?post=19"}],"version-history":[{"count":0,"href":"http:\/\/www.sofoca.cl\/pebre\/wp-json\/wp\/v2\/posts\/19\/revisions"}],"wp:attachment":[{"href":"http:\/\/www.sofoca.cl\/pebre\/wp-json\/wp\/v2\/media?parent=19"}],"wp:term":[{"taxonomy":"category","embeddable":true,"href":"http:\/\/www.sofoca.cl\/pebre\/wp-json\/wp\/v2\/categories?post=19"},{"taxonomy":"post_tag","embeddable":true,"href":"http:\/\/www.sofoca.cl\/pebre\/wp-json\/wp\/v2\/tags?post=19"}],"curies":[{"name":"wp","href":"https:\/\/api.w.org\/{rel}","templated":true}]}}