{"id":193,"date":"2007-10-03T21:23:04","date_gmt":"2007-10-04T01:23:04","guid":{"rendered":"http:\/\/www.sofoca.cl\/pebre\/2007\/10\/03\/vendo-a-mi-bebe\/"},"modified":"2007-10-06T13:22:58","modified_gmt":"2007-10-06T17:22:58","slug":"vendo-a-mi-bebe","status":"publish","type":"post","link":"http:\/\/www.sofoca.cl\/pebre\/2007\/10\/03\/vendo-a-mi-bebe\/","title":{"rendered":"Vendo a mi beb\u00e9"},"content":{"rendered":"<p><img decoding=\"async\" src=\"http:\/\/upload.wikimedia.org\/wikipedia\/commons\/thumb\/2\/2e\/Baby.jpg\/260px-Baby.jpg\" alt=\"\" align=\"right\" \/>Parece que <a href=\"http:\/\/www.sofoca.cl\/pebre\/2007\/10\/01\/comprate-un-amigo\/\">vender familiares<\/a> est\u00e1 de moda. Un par de j\u00f3venes puertomontinos ofrec\u00edan en venta a su beb\u00e9, actualmente en seis meses de gestaci\u00f3n. El anuncio fue hecho en el sitio <a href=\"http:\/\/www.quebarato.cl\/\">Qu\u00e9Barato<\/a> y la oferta inicial era de 50 millones; aunque despu\u00e9s se rebaj\u00f3 a 7. Todo fue desbaratado por un reportaje de TVN, por un reportero que simul\u00f3 estar interesado en la oferta y despu\u00e9s entreg\u00f3 los datos al SENAME. Seg\u00fan <a href=\"http:\/\/mouse.tercera.cl\/detail.asp?story=2007\/10\/03\/12\/27\/07\">EFE<\/a>:<\/p>\n<blockquote><p>En declaraciones al canal de televisi\u00f3n, los padres del ni\u00f1o, que nacer\u00e1 en diciembre, se\u00f1alaron que eran muy j\u00f3venes para hacerse cargo de un hijo y que <strong>con \u00e9l no podr\u00edan salir a \u00abcarretear\u00bb<\/strong> (ir de fiestas).<\/p>\n<p>El padre dijo que con el dinero quer\u00eda <strong>comprar un auto<\/strong> y un terreno para instalar una casa y un taller mec\u00e1nico, mientras la joven madre indic\u00f3 a los periodistas que la venta \u00abser\u00eda una manera de darle una mejor vida al beb\u00e9\u00bb.<\/p><\/blockquote>\n<p>Los pap\u00e1s del a\u00f1o. S\u00f3lo falta que empiecen a <a href=\"http:\/\/www.youtube.com\/watch?v=DuKm_r76YCg\">vender a las mam\u00e1s<\/a>. <a href=\"http:\/\/www.emol.com\/noticias\/nacional\/detalle\/detallenoticias.asp?idnoticia=277375\">Link<\/a>.<\/p>\n","protected":false},"excerpt":{"rendered":"<p>Parece que vender familiares est\u00e1 de moda. Un par de j\u00f3venes puertomontinos ofrec\u00edan en venta a su beb\u00e9, actualmente en seis meses de gestaci\u00f3n. El anuncio fue hecho en el sitio Qu\u00e9Barato y la oferta inicial era de 50 millones; aunque despu\u00e9s se rebaj\u00f3 a 7. Todo fue desbaratado por un reportaje de TVN, por [&hellip;]<\/p>\n","protected":false},"author":2,"featured_media":0,"comment_status":"open","ping_status":"open","sticky":false,"template":"","format":"standard","meta":{"footnotes":""},"categories":[9,12],"tags":[],"class_list":["post-193","post","type-post","status-publish","format-standard","hentry","category-chanta","category-chile"],"_links":{"self":[{"href":"http:\/\/www.sofoca.cl\/pebre\/wp-json\/wp\/v2\/posts\/193","targetHints":{"allow":["GET"]}}],"collection":[{"href":"http:\/\/www.sofoca.cl\/pebre\/wp-json\/wp\/v2\/posts"}],"about":[{"href":"http:\/\/www.sofoca.cl\/pebre\/wp-json\/wp\/v2\/types\/post"}],"author":[{"embeddable":true,"href":"http:\/\/www.sofoca.cl\/pebre\/wp-json\/wp\/v2\/users\/2"}],"replies":[{"embeddable":true,"href":"http:\/\/www.sofoca.cl\/pebre\/wp-json\/wp\/v2\/comments?post=193"}],"version-history":[{"count":0,"href":"http:\/\/www.sofoca.cl\/pebre\/wp-json\/wp\/v2\/posts\/193\/revisions"}],"wp:attachment":[{"href":"http:\/\/www.sofoca.cl\/pebre\/wp-json\/wp\/v2\/media?parent=193"}],"wp:term":[{"taxonomy":"category","embeddable":true,"href":"http:\/\/www.sofoca.cl\/pebre\/wp-json\/wp\/v2\/categories?post=193"},{"taxonomy":"post_tag","embeddable":true,"href":"http:\/\/www.sofoca.cl\/pebre\/wp-json\/wp\/v2\/tags?post=193"}],"curies":[{"name":"wp","href":"https:\/\/api.w.org\/{rel}","templated":true}]}}