{"id":205,"date":"2007-10-05T23:42:10","date_gmt":"2007-10-06T03:42:10","guid":{"rendered":"http:\/\/www.sofoca.cl\/pebre\/2007\/10\/05\/tropicalismo\/"},"modified":"2007-10-21T22:14:10","modified_gmt":"2007-10-22T02:14:10","slug":"tropicalismo","status":"publish","type":"post","link":"http:\/\/www.sofoca.cl\/pebre\/2007\/10\/05\/tropicalismo\/","title":{"rendered":"Tropicalismo"},"content":{"rendered":"<p><img loading=\"lazy\" decoding=\"async\" src=\"http:\/\/upload.wikimedia.org\/wikipedia\/en\/thumb\/6\/6b\/Tropicalia.jpg\/180px-Tropicalia.jpg\" align=\"right\" height=\"180\" width=\"180\" alt=\"\" \/>El <em><a href=\"http:\/\/en.wikipedia.org\/wiki\/Tropicalismo\">tropicalismo<\/a><\/em> (tambi\u00e9n conocido como <em>tropic\u00e1lia<\/em> o <em>movimiento tropicalista<\/em>) fue un movimiento cultural que se desarroll\u00f3 en Brasil a finales de la d\u00e9cada de los &#8217;60, en medio del r\u00e9gimen militar que se cern\u00eda sobre el pa\u00eds. Entre sus principios se encuentra la <em>antropofagia<\/em>, que consist\u00eda en \u00abdigerir la cultura de los pa\u00edses dominantes y regurgitarla para que sea mezclada con la cultura popular y la identidad nacional\u00bb.  Tuvo varios exponentes en artes pl\u00e1sticas, cine y teatro, pero alcanz\u00f3 su mayor notoriedad con la m\u00fasica. Entre los artistas de esa \u00e9poca se encuentran Caetano Veloso, Gilberto Gil, Tom Z\u00e9 y la banda Os Mutantes.<\/p>\n<p>Se dice que el inicio del <em>tropicalismo<\/em> como tal es en el marco del <em>Festival de M\u00fasica Popular Brasileira<\/em> de 1967. All\u00ed se present\u00f3 Gilberto Gil &amp; Os Mutantes con la canci\u00f3n \u00abDomingo no parque\u00bb y Caetano Veloso con la canci\u00f3n \u00abAlegr\u00eda, alegr\u00eda\u00bb, ambas canciones consideradas cl\u00e1sicas dentro del movimiento. Al a\u00f1o siguiente se sac\u00f3 el disco colaborativo <em>Tropic\u00e1lia: ou Panis et Circenses<\/em>, con la participaci\u00f3n de Gilberto Gil, Caetano Veloso, Tom Z\u00e9, Nara Le\u00e3o, Os Mutantes, Gal Costa y Rog\u00e9rio Duprat; este disco es considerado el m\u00e1s importante por la cantidad de gente que particip\u00f3 en el y porque tiene varios de los temas m\u00e1s populares de la movida: \u00abBaby\u00bb de Veloso, \u00abBat Macumba\u00bb de Gil o \u00abPanis et Circenses\u00bb de Os Mutantes, por nombrar algunos.<\/p>\n<p>La m\u00fasica del <em>tropicalismo<\/em> respond\u00eda al principio de la <em>antropofagia<\/em> pues era un popurr\u00ed o una mezcla de varios estilos musicales, tanto de Brasil como del extranjero. Entre ellos se encuentran la <em>bossa nova<\/em>, el <em>rock and roll<\/em>, m\u00fasica folkl\u00f3rica de Bahia, m\u00fasica africana, <em>fado<\/em> y psicodelia. La instrumentaci\u00f3n segu\u00eda el mismo esquema y generalmente mezclaba percusi\u00f3n brasile\u00f1a con solos de guitarra con harta distorsi\u00f3n y efectos.<\/p>\n<p>Mientras dur\u00f3, el <em>tropicalismo<\/em> no fue muy conocido afuera de Brasil pero con el pasar del tiempo ha tenido el reconocimiento que merece. Entre los <em>fans<\/em> declarados se encuentran Kurt Cobain, David Byrne y Beck (que en su \u00e1lbum <em>Mutations<\/em> ten\u00eda una canci\u00f3n llamada <em>Tropicalia<\/em>). A continuaci\u00f3n, un video de \u00abPanis et Circenses\u00bb interpretado por Os Mutantes en 1969:<\/p>\n<a href=\"http:\/\/www.youtube.com\/watch?v=g2EKghlmIyQ\">http:\/\/www.youtube.com\/watch?v=g2EKghlmIyQ<\/a>\n","protected":false},"excerpt":{"rendered":"<p>El tropicalismo (tambi\u00e9n conocido como tropic\u00e1lia o movimiento tropicalista) fue un movimiento cultural que se desarroll\u00f3 en Brasil a finales de la d\u00e9cada de los &#8217;60, en medio del r\u00e9gimen militar que se cern\u00eda sobre el pa\u00eds. Entre sus principios se encuentra la antropofagia, que consist\u00eda en \u00abdigerir la cultura de los pa\u00edses dominantes y [&hellip;]<\/p>\n","protected":false},"author":2,"featured_media":0,"comment_status":"open","ping_status":"open","sticky":false,"template":"","format":"standard","meta":{"footnotes":""},"categories":[6,4],"tags":[],"class_list":["post-205","post","type-post","status-publish","format-standard","hentry","category-musica","category-videos"],"_links":{"self":[{"href":"http:\/\/www.sofoca.cl\/pebre\/wp-json\/wp\/v2\/posts\/205","targetHints":{"allow":["GET"]}}],"collection":[{"href":"http:\/\/www.sofoca.cl\/pebre\/wp-json\/wp\/v2\/posts"}],"about":[{"href":"http:\/\/www.sofoca.cl\/pebre\/wp-json\/wp\/v2\/types\/post"}],"author":[{"embeddable":true,"href":"http:\/\/www.sofoca.cl\/pebre\/wp-json\/wp\/v2\/users\/2"}],"replies":[{"embeddable":true,"href":"http:\/\/www.sofoca.cl\/pebre\/wp-json\/wp\/v2\/comments?post=205"}],"version-history":[{"count":0,"href":"http:\/\/www.sofoca.cl\/pebre\/wp-json\/wp\/v2\/posts\/205\/revisions"}],"wp:attachment":[{"href":"http:\/\/www.sofoca.cl\/pebre\/wp-json\/wp\/v2\/media?parent=205"}],"wp:term":[{"taxonomy":"category","embeddable":true,"href":"http:\/\/www.sofoca.cl\/pebre\/wp-json\/wp\/v2\/categories?post=205"},{"taxonomy":"post_tag","embeddable":true,"href":"http:\/\/www.sofoca.cl\/pebre\/wp-json\/wp\/v2\/tags?post=205"}],"curies":[{"name":"wp","href":"https:\/\/api.w.org\/{rel}","templated":true}]}}