{"id":230,"date":"2007-10-15T20:51:03","date_gmt":"2007-10-16T00:51:03","guid":{"rendered":"http:\/\/www.sofoca.cl\/pebre\/2007\/10\/15\/%c2%bflos-estadounidenses-son-estupidos\/"},"modified":"2007-10-15T20:51:03","modified_gmt":"2007-10-16T00:51:03","slug":"%c2%bflos-estadounidenses-son-estupidos","status":"publish","type":"post","link":"http:\/\/www.sofoca.cl\/pebre\/2007\/10\/15\/%c2%bflos-estadounidenses-son-estupidos\/","title":{"rendered":"\u00bfLos estadounidenses son est\u00fapidos?"},"content":{"rendered":"<p>Eso es lo que quiso saber Julian Morrow, del grupo humor\u00edstico australiano <em>The Chaser<\/em>. En el programa <a href=\"http:\/\/en.wikipedia.org\/wiki\/CNNNN\">CNNNN<\/a> entrevist\u00f3 <del datetime=\"2007-10-16T00:38:27+00:00\">al estilo CQC<\/del> a un grupo de estadounidenses haci\u00e9ndoles preguntas del tipo \u00ab\u00bfCu\u00e1ntos lados tiene un tri\u00e1ngulo?\u00bb, \u00abDime un pa\u00eds cuyo nombre empiece con &#8216;U'\u00bb y muchas otras preguntas de cultura general y opini\u00f3n. \u00bfEl resultado? V\u00e9alo abajo:<\/p>\n<iframe loading=\"lazy\" title=\"\u00bfSon los norteamericanos est\u00fapidos? COMPLETO (y subtitulado)\" width=\"500\" height=\"375\" src=\"https:\/\/www.youtube.com\/embed\/QVbobdL3yi0?feature=oembed\" frameborder=\"0\" allow=\"accelerometer; autoplay; clipboard-write; encrypted-media; gyroscope; picture-in-picture; web-share\" referrerpolicy=\"strict-origin-when-cross-origin\" allowfullscreen><\/iframe>\n<p><em>(V\u00eda <a href=\"http:\/\/irreverencia.cl\/2007\/10\/15\/%c2%bfquien-dijo-que-los-gringos-no-son-tarados\/\">La P\u00e1gina<\/a>)<\/em><\/p>\n","protected":false},"excerpt":{"rendered":"<p>Eso es lo que quiso saber Julian Morrow, del grupo humor\u00edstico australiano The Chaser. En el programa CNNNN entrevist\u00f3 al estilo CQC a un grupo de estadounidenses haci\u00e9ndoles preguntas del tipo \u00ab\u00bfCu\u00e1ntos lados tiene un tri\u00e1ngulo?\u00bb, \u00abDime un pa\u00eds cuyo nombre empiece con &#8216;U&#8217;\u00bb y muchas otras preguntas de cultura general y opini\u00f3n. \u00bfEl resultado? [&hellip;]<\/p>\n","protected":false},"author":2,"featured_media":0,"comment_status":"open","ping_status":"open","sticky":false,"template":"","format":"standard","meta":{"footnotes":""},"categories":[9,7,4],"tags":[],"class_list":["post-230","post","type-post","status-publish","format-standard","hentry","category-chanta","category-internacional","category-videos"],"_links":{"self":[{"href":"http:\/\/www.sofoca.cl\/pebre\/wp-json\/wp\/v2\/posts\/230","targetHints":{"allow":["GET"]}}],"collection":[{"href":"http:\/\/www.sofoca.cl\/pebre\/wp-json\/wp\/v2\/posts"}],"about":[{"href":"http:\/\/www.sofoca.cl\/pebre\/wp-json\/wp\/v2\/types\/post"}],"author":[{"embeddable":true,"href":"http:\/\/www.sofoca.cl\/pebre\/wp-json\/wp\/v2\/users\/2"}],"replies":[{"embeddable":true,"href":"http:\/\/www.sofoca.cl\/pebre\/wp-json\/wp\/v2\/comments?post=230"}],"version-history":[{"count":0,"href":"http:\/\/www.sofoca.cl\/pebre\/wp-json\/wp\/v2\/posts\/230\/revisions"}],"wp:attachment":[{"href":"http:\/\/www.sofoca.cl\/pebre\/wp-json\/wp\/v2\/media?parent=230"}],"wp:term":[{"taxonomy":"category","embeddable":true,"href":"http:\/\/www.sofoca.cl\/pebre\/wp-json\/wp\/v2\/categories?post=230"},{"taxonomy":"post_tag","embeddable":true,"href":"http:\/\/www.sofoca.cl\/pebre\/wp-json\/wp\/v2\/tags?post=230"}],"curies":[{"name":"wp","href":"https:\/\/api.w.org\/{rel}","templated":true}]}}