{"id":238,"date":"2007-10-17T19:50:57","date_gmt":"2007-10-17T23:50:57","guid":{"rendered":"http:\/\/www.sofoca.cl\/pebre\/2007\/10\/17\/los-negros-son-menos-inteligentes-que-los-blancos\/"},"modified":"2007-11-25T12:51:17","modified_gmt":"2007-11-25T16:51:17","slug":"los-negros-son-menos-inteligentes-que-los-blancos","status":"publish","type":"post","link":"http:\/\/www.sofoca.cl\/pebre\/2007\/10\/17\/los-negros-son-menos-inteligentes-que-los-blancos\/","title":{"rendered":"\u00abLos negros son menos inteligentes que los blancos\u00bb"},"content":{"rendered":"<p><img loading=\"lazy\" decoding=\"async\" src=\"http:\/\/upload.wikimedia.org\/wikipedia\/commons\/thumb\/5\/56\/James_Watson.jpg\/180px-James_Watson.jpg\" alt=\"\" align=\"right\" height=\"217\" width=\"180\" \/>Eso lo dijo <a href=\"http:\/\/es.wikipedia.org\/wiki\/James_D._Watson\">James Watson<\/a>&#8230; \u00a1descubridor del ADN y ganador del premio Nobel!<\/p>\n<blockquote><p>Todas nuestras pol\u00edticas sociales [en \u00c1frica] est\u00e1n basadas en el hecho de que su inteligencia es la misma que la nuestra, mientras todas las pruebas muestran que no es realmente as\u00ed.<\/p><\/blockquote>\n<p>No es la primera vez que sale diciendo este tipo de cosas, y todo esto puede tener un sentido pr\u00e1ctico: promocionar su \u00faltimo libro. Sin duda alguna, <strong>un pastel<\/strong>. <a href=\"http:\/\/www.elpais.com\/articulo\/sociedad\/genetista\/James\/Watson\/afirma\/inteligencia\/igual\/todas\/razas\/elpepusoc\/20071017elpepusoc_1\/Tes\">Link<\/a> <em>(V\u00eda <a href=\"http:\/\/www.microsiervos.com\/archivo\/ciencia\/negros-menos-inteligentes.html\">Microsiervos<\/a>)<\/em><\/p>\n<p><strong>Actualizaci\u00f3n:<\/strong> James Watson <a href=\"http:\/\/news.bbc.co.uk\/hi\/spanish\/science\/newsid_7052000\/7052591.stm\">pide disculpas<\/a>.<\/p>\n<blockquote><p>A todos los que dedujeron de lo que dije que \u00c1frica, como continente, es gen\u00e9ticamente inferior, a todos ellos, les pido disculpas. No es lo que quise decir. No hay base cient\u00edfica para aseverarlo.<\/p><\/blockquote>\n","protected":false},"excerpt":{"rendered":"<p>Eso lo dijo James Watson&#8230; \u00a1descubridor del ADN y ganador del premio Nobel! Todas nuestras pol\u00edticas sociales [en \u00c1frica] est\u00e1n basadas en el hecho de que su inteligencia es la misma que la nuestra, mientras todas las pruebas muestran que no es realmente as\u00ed. No es la primera vez que sale diciendo este tipo de [&hellip;]<\/p>\n","protected":false},"author":2,"featured_media":0,"comment_status":"open","ping_status":"open","sticky":false,"template":"","format":"standard","meta":{"footnotes":""},"categories":[9,11],"tags":[],"class_list":["post-238","post","type-post","status-publish","format-standard","hentry","category-chanta","category-ciencia"],"_links":{"self":[{"href":"http:\/\/www.sofoca.cl\/pebre\/wp-json\/wp\/v2\/posts\/238","targetHints":{"allow":["GET"]}}],"collection":[{"href":"http:\/\/www.sofoca.cl\/pebre\/wp-json\/wp\/v2\/posts"}],"about":[{"href":"http:\/\/www.sofoca.cl\/pebre\/wp-json\/wp\/v2\/types\/post"}],"author":[{"embeddable":true,"href":"http:\/\/www.sofoca.cl\/pebre\/wp-json\/wp\/v2\/users\/2"}],"replies":[{"embeddable":true,"href":"http:\/\/www.sofoca.cl\/pebre\/wp-json\/wp\/v2\/comments?post=238"}],"version-history":[{"count":0,"href":"http:\/\/www.sofoca.cl\/pebre\/wp-json\/wp\/v2\/posts\/238\/revisions"}],"wp:attachment":[{"href":"http:\/\/www.sofoca.cl\/pebre\/wp-json\/wp\/v2\/media?parent=238"}],"wp:term":[{"taxonomy":"category","embeddable":true,"href":"http:\/\/www.sofoca.cl\/pebre\/wp-json\/wp\/v2\/categories?post=238"},{"taxonomy":"post_tag","embeddable":true,"href":"http:\/\/www.sofoca.cl\/pebre\/wp-json\/wp\/v2\/tags?post=238"}],"curies":[{"name":"wp","href":"https:\/\/api.w.org\/{rel}","templated":true}]}}