{"id":247,"date":"2007-10-19T23:54:57","date_gmt":"2007-10-20T03:54:57","guid":{"rendered":"http:\/\/www.sofoca.cl\/pebre\/2007\/10\/19\/ti-nunca-lleva-tilde\/"},"modified":"2007-10-24T18:33:01","modified_gmt":"2007-10-24T22:33:01","slug":"ti-nunca-lleva-tilde","status":"publish","type":"post","link":"http:\/\/www.sofoca.cl\/pebre\/2007\/10\/19\/ti-nunca-lleva-tilde\/","title":{"rendered":"Ti nunca lleva tilde"},"content":{"rendered":"<p>Si se te olvida, puedes poner <a href=\"http:\/\/www.ti-nunca-lleva-tilde.com\/\">esta p\u00e1gina<\/a> como tu p\u00e1gina de inicio.<\/p>\n<p>Los monos\u00edlabos <strong>no llevan tilde<\/strong>. La \u00fanica excepci\u00f3n a esta regla es la <a href=\"http:\/\/es.wikipedia.org\/wiki\/Tilde_diacr%C3%ADtica\">tilde diacr\u00edtica<\/a> que se emplea para diferenciar significados de una misma palabra (por ejemplo, \u00e9l y el, t\u00e9 y te, m\u00ed y mi&#8230;). Sin embargo, este no es el caso con la palabra \u00abti\u00bb y por lo tanto <strong>no se tilda<\/strong>. Nunca est\u00e1 de m\u00e1s saberlo<del datetime=\"2007-10-20T03:44:19+00:00\">, aunque tal vez el sitio no era necesario<\/del>. <a href=\"http:\/\/www.ti-nunca-lleva-tilde.com\/\">Link <\/a><em>(V\u00eda <a href=\"http:\/\/septi.tumblr.com\/post\/16126305\">\u2193septi\u00dfl\u00f8g\u2192<\/a>)<\/em><\/p>\n","protected":false},"excerpt":{"rendered":"<p>Si se te olvida, puedes poner esta p\u00e1gina como tu p\u00e1gina de inicio. Los monos\u00edlabos no llevan tilde. La \u00fanica excepci\u00f3n a esta regla es la tilde diacr\u00edtica que se emplea para diferenciar significados de una misma palabra (por ejemplo, \u00e9l y el, t\u00e9 y te, m\u00ed y mi&#8230;). Sin embargo, este no es el [&hellip;]<\/p>\n","protected":false},"author":2,"featured_media":0,"comment_status":"open","ping_status":"open","sticky":false,"template":"","format":"standard","meta":{"footnotes":""},"categories":[5,19,10],"tags":[],"class_list":["post-247","post","type-post","status-publish","format-standard","hentry","category-internet","category-lenguaje","category-loco"],"_links":{"self":[{"href":"http:\/\/www.sofoca.cl\/pebre\/wp-json\/wp\/v2\/posts\/247","targetHints":{"allow":["GET"]}}],"collection":[{"href":"http:\/\/www.sofoca.cl\/pebre\/wp-json\/wp\/v2\/posts"}],"about":[{"href":"http:\/\/www.sofoca.cl\/pebre\/wp-json\/wp\/v2\/types\/post"}],"author":[{"embeddable":true,"href":"http:\/\/www.sofoca.cl\/pebre\/wp-json\/wp\/v2\/users\/2"}],"replies":[{"embeddable":true,"href":"http:\/\/www.sofoca.cl\/pebre\/wp-json\/wp\/v2\/comments?post=247"}],"version-history":[{"count":0,"href":"http:\/\/www.sofoca.cl\/pebre\/wp-json\/wp\/v2\/posts\/247\/revisions"}],"wp:attachment":[{"href":"http:\/\/www.sofoca.cl\/pebre\/wp-json\/wp\/v2\/media?parent=247"}],"wp:term":[{"taxonomy":"category","embeddable":true,"href":"http:\/\/www.sofoca.cl\/pebre\/wp-json\/wp\/v2\/categories?post=247"},{"taxonomy":"post_tag","embeddable":true,"href":"http:\/\/www.sofoca.cl\/pebre\/wp-json\/wp\/v2\/tags?post=247"}],"curies":[{"name":"wp","href":"https:\/\/api.w.org\/{rel}","templated":true}]}}