{"id":26,"date":"2007-08-21T21:09:15","date_gmt":"2007-08-22T01:09:15","guid":{"rendered":"http:\/\/www.sofoca.cl\/pebre\/2007\/08\/21\/gabriela-mistral-derechos-de-autor-y-dominio-publico\/"},"modified":"2007-08-21T21:09:15","modified_gmt":"2007-08-22T01:09:15","slug":"gabriela-mistral-derechos-de-autor-y-dominio-publico","status":"publish","type":"post","link":"http:\/\/www.sofoca.cl\/pebre\/2007\/08\/21\/gabriela-mistral-derechos-de-autor-y-dominio-publico\/","title":{"rendered":"Gabriela Mistral, derechos de autor y dominio p\u00fablico"},"content":{"rendered":"<p>En el blog <a href=\"http:\/\/www.quemarlasnaves.net\/\">Quemar las Naves<\/a> podemos ver un gran post que revela unas cuantas cosas sobre el estado legal de las obras de Gabriela Mistral&#8230; \u00bfEst\u00e1 la obra de Mistral en el dominio p\u00fablico, si ella muri\u00f3 en 1957? \u00bfEl dinero de las ventas p\u00f3stumas de sus libros se destin\u00f3 a los ni\u00f1os de Montegrande, seg\u00fan deseaba ella en su testamento? \u00bfQui\u00e9n tiene los derechos de las obras de la poetisa? Un sinf\u00edn de irregularidades que no dejan muy bien parado al sistema chileno. <a href=\"http:\/\/www.quemarlasnaves.net\/2007\/08\/20\/como-matar-de-nuevo-a-gabriela-mistral\/\">Link<\/a>.<\/p>\n","protected":false},"excerpt":{"rendered":"<p>En el blog Quemar las Naves podemos ver un gran post que revela unas cuantas cosas sobre el estado legal de las obras de Gabriela Mistral&#8230; \u00bfEst\u00e1 la obra de Mistral en el dominio p\u00fablico, si ella muri\u00f3 en 1957? \u00bfEl dinero de las ventas p\u00f3stumas de sus libros se destin\u00f3 a los ni\u00f1os de [&hellip;]<\/p>\n","protected":false},"author":2,"featured_media":0,"comment_status":"open","ping_status":"open","sticky":false,"template":"","format":"standard","meta":{"footnotes":""},"categories":[9,12],"tags":[],"class_list":["post-26","post","type-post","status-publish","format-standard","hentry","category-chanta","category-chile"],"_links":{"self":[{"href":"http:\/\/www.sofoca.cl\/pebre\/wp-json\/wp\/v2\/posts\/26","targetHints":{"allow":["GET"]}}],"collection":[{"href":"http:\/\/www.sofoca.cl\/pebre\/wp-json\/wp\/v2\/posts"}],"about":[{"href":"http:\/\/www.sofoca.cl\/pebre\/wp-json\/wp\/v2\/types\/post"}],"author":[{"embeddable":true,"href":"http:\/\/www.sofoca.cl\/pebre\/wp-json\/wp\/v2\/users\/2"}],"replies":[{"embeddable":true,"href":"http:\/\/www.sofoca.cl\/pebre\/wp-json\/wp\/v2\/comments?post=26"}],"version-history":[{"count":0,"href":"http:\/\/www.sofoca.cl\/pebre\/wp-json\/wp\/v2\/posts\/26\/revisions"}],"wp:attachment":[{"href":"http:\/\/www.sofoca.cl\/pebre\/wp-json\/wp\/v2\/media?parent=26"}],"wp:term":[{"taxonomy":"category","embeddable":true,"href":"http:\/\/www.sofoca.cl\/pebre\/wp-json\/wp\/v2\/categories?post=26"},{"taxonomy":"post_tag","embeddable":true,"href":"http:\/\/www.sofoca.cl\/pebre\/wp-json\/wp\/v2\/tags?post=26"}],"curies":[{"name":"wp","href":"https:\/\/api.w.org\/{rel}","templated":true}]}}