{"id":265,"date":"2007-10-24T14:09:20","date_gmt":"2007-10-24T18:09:20","guid":{"rendered":"http:\/\/www.sofoca.cl\/pebre\/2007\/10\/24\/se-murio-tio1jpg\/"},"modified":"2007-11-25T12:50:21","modified_gmt":"2007-11-25T16:50:21","slug":"se-murio-tio1jpg","status":"publish","type":"post","link":"http:\/\/www.sofoca.cl\/pebre\/2007\/10\/24\/se-murio-tio1jpg\/","title":{"rendered":"Se muri\u00f3 Tio1.jpg"},"content":{"rendered":"<p><img loading=\"lazy\" decoding=\"async\" src=\"http:\/\/images.wikia.com\/inciclopedia\/images\/thumb\/d\/d2\/Tio1.jpg\/180px-Tio1.jpg\" alt=\"\" align=\"right\" height=\"225\" width=\"180\" \/><a href=\"http:\/\/inciclopedia.wikia.com\/wiki\/Tio1.jpg\">Tio1.jpg<\/a>, el se\u00f1or <del datetime=\"2007-10-24T17:59:29+00:00\">m\u00e1s feo<\/del> m\u00e1s representativo de la <a href=\"http:\/\/inciclopedia.wikia.com\/\">Inciclopedia<\/a>, ha muerto el 20 de octubre, v\u00edctima de una organizaci\u00f3n radical anti-clich\u00e9s.<\/p>\n<p>Desde esta humilde tribuna, mandamos nuestras condolencias a su familia. Nunca olvidaremos su <del datetime=\"2007-10-24T17:59:29+00:00\">horrible cara<\/del> simpat\u00eda y buen humor.<\/p>\n<blockquote><p>Seg\u00fan testigos presenciales, Tio1.jpg paseaba tranquilamente por un parque de Bikini cuando fue interpelado por un misterioso encapuchado que le pidi\u00f3 fuego. Tras la negativa de Tio1.jpg a satisfacer su demanda, el encapuchado se le qued\u00f3 mirando y le espet\u00f3 \u00ab\u00a1Hey, yo te conozco!\u00bb. En aquel momento multitud de encapuchados armados con peri\u00f3dicos enrollados surgieron de entre los arbustos y al grito de \u00ab\u00a1Muerte a los clich\u00e9s!\u00bb aporrearon a la v\u00edctima hasta dejarlo inconsciente en el suelo, d\u00e1ndose posteriormente a la fuga. Tras una llamada an\u00f3nima, el herido fue encontrado y trasladado al Hospital General de Tuvalu, donde se encuentra a estas horas ingresado con pron\u00f3stico grave<\/p><\/blockquote>\n<iframe loading=\"lazy\" title=\"tio1.avi\" width=\"500\" height=\"375\" src=\"https:\/\/www.youtube.com\/embed\/g_FjFc8Dzbg?feature=oembed\" frameborder=\"0\" allow=\"accelerometer; autoplay; clipboard-write; encrypted-media; gyroscope; picture-in-picture; web-share\" referrerpolicy=\"strict-origin-when-cross-origin\" allowfullscreen><\/iframe>\n<p><a href=\"http:\/\/inciclopedia.wikia.com\/wiki\/Incinoticias:Conmoci%C3%B3n_mundial_ante_el_fallecimiento_de_Tio1.jpg\">Link<\/a> a la noticia, <a href=\"http:\/\/www.fotolog.com\/tio1_jpg\">su fotolog<\/a>, su <a href=\"http:\/\/inciclopedia.wikia.com\/wiki\/Tio1.jpg\">art\u00edculo<\/a> en Inciclopedia.<\/p>\n","protected":false},"excerpt":{"rendered":"<p>Tio1.jpg, el se\u00f1or m\u00e1s feo m\u00e1s representativo de la Inciclopedia, ha muerto el 20 de octubre, v\u00edctima de una organizaci\u00f3n radical anti-clich\u00e9s. Desde esta humilde tribuna, mandamos nuestras condolencias a su familia. Nunca olvidaremos su horrible cara simpat\u00eda y buen humor. Seg\u00fan testigos presenciales, Tio1.jpg paseaba tranquilamente por un parque de Bikini cuando fue interpelado [&hellip;]<\/p>\n","protected":false},"author":2,"featured_media":0,"comment_status":"open","ping_status":"open","sticky":false,"template":"","format":"standard","meta":{"footnotes":""},"categories":[17,4],"tags":[],"class_list":["post-265","post","type-post","status-publish","format-standard","hentry","category-caput","category-videos"],"_links":{"self":[{"href":"http:\/\/www.sofoca.cl\/pebre\/wp-json\/wp\/v2\/posts\/265","targetHints":{"allow":["GET"]}}],"collection":[{"href":"http:\/\/www.sofoca.cl\/pebre\/wp-json\/wp\/v2\/posts"}],"about":[{"href":"http:\/\/www.sofoca.cl\/pebre\/wp-json\/wp\/v2\/types\/post"}],"author":[{"embeddable":true,"href":"http:\/\/www.sofoca.cl\/pebre\/wp-json\/wp\/v2\/users\/2"}],"replies":[{"embeddable":true,"href":"http:\/\/www.sofoca.cl\/pebre\/wp-json\/wp\/v2\/comments?post=265"}],"version-history":[{"count":0,"href":"http:\/\/www.sofoca.cl\/pebre\/wp-json\/wp\/v2\/posts\/265\/revisions"}],"wp:attachment":[{"href":"http:\/\/www.sofoca.cl\/pebre\/wp-json\/wp\/v2\/media?parent=265"}],"wp:term":[{"taxonomy":"category","embeddable":true,"href":"http:\/\/www.sofoca.cl\/pebre\/wp-json\/wp\/v2\/categories?post=265"},{"taxonomy":"post_tag","embeddable":true,"href":"http:\/\/www.sofoca.cl\/pebre\/wp-json\/wp\/v2\/tags?post=265"}],"curies":[{"name":"wp","href":"https:\/\/api.w.org\/{rel}","templated":true}]}}