{"id":267,"date":"2007-10-24T14:23:37","date_gmt":"2007-10-24T18:23:37","guid":{"rendered":"http:\/\/www.sofoca.cl\/pebre\/2007\/10\/24\/la-mujer-caricatiruzada\/"},"modified":"2007-10-24T14:24:49","modified_gmt":"2007-10-24T18:24:49","slug":"la-mujer-caricatiruzada","status":"publish","type":"post","link":"http:\/\/www.sofoca.cl\/pebre\/2007\/10\/24\/la-mujer-caricatiruzada\/","title":{"rendered":"La mujer caricaturizada"},"content":{"rendered":"<p><img decoding=\"async\" src=\"http:\/\/www.sofoca.cl\/pebre\/wp-content\/uploads\/2007\/10\/01_305724645_35000.jpg\" alt=\"Hervi mujer\" align=\"right\" \/>La revista <a href=\"http:\/\/www.latercera.cl\/mujer\/\">Mujer de La Tercera<\/a>, con motivo de su 33\u00b0 aniversario, ha realizado un especial para ver como distintos humoristas gr\u00e1ficos ven a la mujer de hoy en d\u00eda, y sus cambios en la sociedad chilena. Con dibujos de Hervi, Leo R\u00edos, Christiano, Asterisko, Guillo y Salinas.<\/p>\n<p><a href=\"http:\/\/www.latercera.cl\/medio\/articulo\/0,0,38039818_90162750_305727767_1,00.html\">Link<\/a><\/p>\n","protected":false},"excerpt":{"rendered":"<p>La revista Mujer de La Tercera, con motivo de su 33\u00b0 aniversario, ha realizado un especial para ver como distintos humoristas gr\u00e1ficos ven a la mujer de hoy en d\u00eda, y sus cambios en la sociedad chilena. Con dibujos de Hervi, Leo R\u00edos, Christiano, Asterisko, Guillo y Salinas. Link<\/p>\n","protected":false},"author":2,"featured_media":0,"comment_status":"open","ping_status":"open","sticky":false,"template":"","format":"standard","meta":{"footnotes":""},"categories":[16,15,12],"tags":[],"class_list":["post-267","post","type-post","status-publish","format-standard","hentry","category-bakan","category-comic","category-chile"],"_links":{"self":[{"href":"http:\/\/www.sofoca.cl\/pebre\/wp-json\/wp\/v2\/posts\/267","targetHints":{"allow":["GET"]}}],"collection":[{"href":"http:\/\/www.sofoca.cl\/pebre\/wp-json\/wp\/v2\/posts"}],"about":[{"href":"http:\/\/www.sofoca.cl\/pebre\/wp-json\/wp\/v2\/types\/post"}],"author":[{"embeddable":true,"href":"http:\/\/www.sofoca.cl\/pebre\/wp-json\/wp\/v2\/users\/2"}],"replies":[{"embeddable":true,"href":"http:\/\/www.sofoca.cl\/pebre\/wp-json\/wp\/v2\/comments?post=267"}],"version-history":[{"count":0,"href":"http:\/\/www.sofoca.cl\/pebre\/wp-json\/wp\/v2\/posts\/267\/revisions"}],"wp:attachment":[{"href":"http:\/\/www.sofoca.cl\/pebre\/wp-json\/wp\/v2\/media?parent=267"}],"wp:term":[{"taxonomy":"category","embeddable":true,"href":"http:\/\/www.sofoca.cl\/pebre\/wp-json\/wp\/v2\/categories?post=267"},{"taxonomy":"post_tag","embeddable":true,"href":"http:\/\/www.sofoca.cl\/pebre\/wp-json\/wp\/v2\/tags?post=267"}],"curies":[{"name":"wp","href":"https:\/\/api.w.org\/{rel}","templated":true}]}}