{"id":308,"date":"2007-11-01T21:46:25","date_gmt":"2007-11-02T01:46:25","guid":{"rendered":"http:\/\/www.sofoca.cl\/pebre\/2007\/11\/01\/halloween-de-miedo\/"},"modified":"2007-11-25T12:35:11","modified_gmt":"2007-11-25T16:35:11","slug":"halloween-de-miedo","status":"publish","type":"post","link":"http:\/\/www.sofoca.cl\/pebre\/2007\/11\/01\/halloween-de-miedo\/","title":{"rendered":"Halloween de miedo"},"content":{"rendered":"<p>\u00bfQu\u00e9 es m\u00e1s terror\u00edfico que Dr\u00e1cula, Frankestein, el Hombre Lobo y Freddy Krugger?<\/p>\n<p style=\"text-align: center\"><img loading=\"lazy\" decoding=\"async\" src=\"http:\/\/farm3.static.flickr.com\/2118\/1815734517_14d596e5ee.jpg\" alt=\"\" height=\"375\" width=\"500\" \/><\/p>\n<p>\u00a1Los personajes de la far\u00e1ndula chilena! <a href=\"http:\/\/www.flickr.com\/photos\/hdur\/1815734517\/\">Esto<\/a> s\u00ed que da miedo.<\/p>\n","protected":false},"excerpt":{"rendered":"<p>\u00bfQu\u00e9 es m\u00e1s terror\u00edfico que Dr\u00e1cula, Frankestein, el Hombre Lobo y Freddy Krugger? \u00a1Los personajes de la far\u00e1ndula chilena! Esto s\u00ed que da miedo.<\/p>\n","protected":false},"author":2,"featured_media":0,"comment_status":"open","ping_status":"open","sticky":false,"template":"","format":"standard","meta":{"footnotes":""},"categories":[16,13,10],"tags":[],"class_list":["post-308","post","type-post","status-publish","format-standard","hentry","category-bakan","category-fotos","category-loco"],"_links":{"self":[{"href":"http:\/\/www.sofoca.cl\/pebre\/wp-json\/wp\/v2\/posts\/308","targetHints":{"allow":["GET"]}}],"collection":[{"href":"http:\/\/www.sofoca.cl\/pebre\/wp-json\/wp\/v2\/posts"}],"about":[{"href":"http:\/\/www.sofoca.cl\/pebre\/wp-json\/wp\/v2\/types\/post"}],"author":[{"embeddable":true,"href":"http:\/\/www.sofoca.cl\/pebre\/wp-json\/wp\/v2\/users\/2"}],"replies":[{"embeddable":true,"href":"http:\/\/www.sofoca.cl\/pebre\/wp-json\/wp\/v2\/comments?post=308"}],"version-history":[{"count":0,"href":"http:\/\/www.sofoca.cl\/pebre\/wp-json\/wp\/v2\/posts\/308\/revisions"}],"wp:attachment":[{"href":"http:\/\/www.sofoca.cl\/pebre\/wp-json\/wp\/v2\/media?parent=308"}],"wp:term":[{"taxonomy":"category","embeddable":true,"href":"http:\/\/www.sofoca.cl\/pebre\/wp-json\/wp\/v2\/categories?post=308"},{"taxonomy":"post_tag","embeddable":true,"href":"http:\/\/www.sofoca.cl\/pebre\/wp-json\/wp\/v2\/tags?post=308"}],"curies":[{"name":"wp","href":"https:\/\/api.w.org\/{rel}","templated":true}]}}