{"id":319,"date":"2007-11-03T16:19:59","date_gmt":"2007-11-03T20:19:59","guid":{"rendered":"http:\/\/www.sofoca.cl\/pebre\/2007\/11\/03\/chavez-es-presidente-de-peru\/"},"modified":"2007-11-25T12:42:16","modified_gmt":"2007-11-25T16:42:16","slug":"chavez-es-presidente-de-peru","status":"publish","type":"post","link":"http:\/\/www.sofoca.cl\/pebre\/2007\/11\/03\/chavez-es-presidente-de-peru\/","title":{"rendered":"Ch\u00e1vez es presidente de&#8230; Per\u00fa"},"content":{"rendered":"<p><img loading=\"lazy\" decoding=\"async\" src=\"http:\/\/upload.wikimedia.org\/wikipedia\/commons\/thumb\/2\/2b\/Richard_Cheney_2005_official_portrait.jpg\/170px-Richard_Cheney_2005_official_portrait.jpg\" align=\"right\" height=\"250\" alt=\"\" width=\"170\" \/>Los <em>posts<\/em> que he hecho de Ch\u00e1vez en el blog han sido de los m\u00e1s comentados, lo que indica que la figura de Ch\u00e1vez genera discusi\u00f3n. Lo ames o lo odies, todos saben qui\u00e9n es. Todos sabemos que es el presidente de Per\u00fa. \u00bfDe Per\u00fa? S\u00ed.<\/p>\n<p>\u00bfC\u00f3mo es eso? \u00bfNo es que era de Venezuela? Ahh, veamos que dice Dick Cheney, el vicepresidente de Estados Unidos; durante una conferencia en Dallas (traducci\u00f3n aproximada):<\/p>\n<blockquote><p>Moderador: Nuestra atenci\u00f3n est\u00e1 puesta en Irak, Ir\u00e1n y el Medio Oriente. Sin embargo, gran parte del mundo observa atentamente a <strong>Hugo Ch\u00e1vez de Venezuela<\/strong>. \u00bfQu\u00e9 tan preocupado est\u00e1 de su influencia?<\/p>\n<p>Cheney: Tenemos que&#8230; Voy a pensar como decir esto diplom\u00e1ticamente.<\/p>\n<p>(Risas)<\/p>\n<p>La democracia es dura a veces.<\/p>\n<p>(M\u00e1s risas)<\/p>\n<p>Hemos evitado hacer pronunciamientos p\u00fablicos acerca del Sr. Ch\u00e1vez. -Creo, que por razones buenas y leg\u00edtimas.- \u00c9l es un, obviamente, un individuo con su propia agenda. Y pasa gran parte del tiempo preocup\u00e1ndose de nosotros y criticando a los Estados Unidos.<\/p>\n<p>Mi visi\u00f3n personal es que \u00e9l no representa el futuro de Latinoam\u00e9rica. Y <strong>la gente de Per\u00fa<\/strong> (sic), creo, que merecen una mejora en su liderazgo. Pero obviamente \u00e9se es un asunto que tienen que resolver por s\u00ed mismos.<\/p><\/blockquote>\n<p>Seg\u00fan los Estadounidenses, Ch\u00e1vez es malo, pero no saben ni de d\u00f3nde es. Lo cual no es mucha novedad, pero es algo b\u00e1sico que deber\u00edan saber, por lo menos. \u00bfQu\u00e9 podemos esperar? <a href=\"http:\/\/thinkprogress.org\/2007\/11\/02\/cheney-hugo-chavez-is-the-president-of-peru\/\">Link<\/a><em> (V\u00eda <a href=\"http:\/\/meneame.net\/story\/hugo-chavez-presidente-peru-segun-dick-cheney\">Men\u00e9ame<\/a>)<\/em><\/p>\n","protected":false},"excerpt":{"rendered":"<p>Los posts que he hecho de Ch\u00e1vez en el blog han sido de los m\u00e1s comentados, lo que indica que la figura de Ch\u00e1vez genera discusi\u00f3n. Lo ames o lo odies, todos saben qui\u00e9n es. Todos sabemos que es el presidente de Per\u00fa. \u00bfDe Per\u00fa? S\u00ed. \u00bfC\u00f3mo es eso? \u00bfNo es que era de Venezuela? [&hellip;]<\/p>\n","protected":false},"author":2,"featured_media":0,"comment_status":"open","ping_status":"open","sticky":false,"template":"","format":"standard","meta":{"footnotes":""},"categories":[9,7],"tags":[],"class_list":["post-319","post","type-post","status-publish","format-standard","hentry","category-chanta","category-internacional"],"_links":{"self":[{"href":"http:\/\/www.sofoca.cl\/pebre\/wp-json\/wp\/v2\/posts\/319","targetHints":{"allow":["GET"]}}],"collection":[{"href":"http:\/\/www.sofoca.cl\/pebre\/wp-json\/wp\/v2\/posts"}],"about":[{"href":"http:\/\/www.sofoca.cl\/pebre\/wp-json\/wp\/v2\/types\/post"}],"author":[{"embeddable":true,"href":"http:\/\/www.sofoca.cl\/pebre\/wp-json\/wp\/v2\/users\/2"}],"replies":[{"embeddable":true,"href":"http:\/\/www.sofoca.cl\/pebre\/wp-json\/wp\/v2\/comments?post=319"}],"version-history":[{"count":0,"href":"http:\/\/www.sofoca.cl\/pebre\/wp-json\/wp\/v2\/posts\/319\/revisions"}],"wp:attachment":[{"href":"http:\/\/www.sofoca.cl\/pebre\/wp-json\/wp\/v2\/media?parent=319"}],"wp:term":[{"taxonomy":"category","embeddable":true,"href":"http:\/\/www.sofoca.cl\/pebre\/wp-json\/wp\/v2\/categories?post=319"},{"taxonomy":"post_tag","embeddable":true,"href":"http:\/\/www.sofoca.cl\/pebre\/wp-json\/wp\/v2\/tags?post=319"}],"curies":[{"name":"wp","href":"https:\/\/api.w.org\/{rel}","templated":true}]}}