{"id":324,"date":"2007-11-04T15:37:22","date_gmt":"2007-11-04T19:37:22","guid":{"rendered":"http:\/\/www.sofoca.cl\/pebre\/2007\/11\/04\/sitio-del-gobierno-chileno-hackeado-por-peruanos\/"},"modified":"2007-11-04T15:37:22","modified_gmt":"2007-11-04T19:37:22","slug":"sitio-del-gobierno-chileno-hackeado-por-peruanos","status":"publish","type":"post","link":"http:\/\/www.sofoca.cl\/pebre\/2007\/11\/04\/sitio-del-gobierno-chileno-hackeado-por-peruanos\/","title":{"rendered":"Sitio del gobierno chileno hackeado por peruanos"},"content":{"rendered":"<p>Seg\u00fan <a href=\"http:\/\/www.terra.cl\/noticias\/index.cfm?id_reg=873331&#038;id_cat=302\">Terra<\/a>,<\/p>\n<blockquote><p>Con leyendas alusivas a Per\u00fa, los \u201cpiratas\u201d inform\u00e1ticos intervinieron la p\u00e1gina del Ejecutivo, por lo que se decidi\u00f3 \u201cbajarla\u201d de la red. Actualmente hay un mensaje en ingl\u00e9s donde se indica que el servicio no est\u00e1 disponible.<\/p><\/blockquote>\n<p>Lo que no es m\u00e1s que una represalia por un hecho donde ocurri\u00f3 exactamente lo mismo, pero con el sitio peruano <a href=\"http:\/\/www.somoslibres.org\/modules.php?name=News&#038;file=article&#038;sid=1422\">hackeado<\/a> por chilenos:<\/p>\n<blockquote><p>Hasta en dos oportunidades un hacker chileno viol\u00f3 las protecciones del portal de la Presidencia de la Rep\u00fablica y reemplaz\u00f3 la foto del presidente Alan Garc\u00eda por una de Bernardo O&#8217;Higgins.<\/p><\/blockquote>\n<p>A ver si se dejan de lesear todos de una vez por todas. Ya est\u00e1 bueno ya. Este tipo de cosas no lleva a nada. <em>(V\u00eda <a href=\"http:\/\/bip.tumblr.com\/post\/18332901\">Bip!<\/a>)<\/em><\/p>\n","protected":false},"excerpt":{"rendered":"<p>Seg\u00fan Terra, Con leyendas alusivas a Per\u00fa, los \u201cpiratas\u201d inform\u00e1ticos intervinieron la p\u00e1gina del Ejecutivo, por lo que se decidi\u00f3 \u201cbajarla\u201d de la red. Actualmente hay un mensaje en ingl\u00e9s donde se indica que el servicio no est\u00e1 disponible. Lo que no es m\u00e1s que una represalia por un hecho donde ocurri\u00f3 exactamente lo mismo, [&hellip;]<\/p>\n","protected":false},"author":2,"featured_media":0,"comment_status":"open","ping_status":"open","sticky":false,"template":"","format":"standard","meta":{"footnotes":""},"categories":[9,12,5],"tags":[],"class_list":["post-324","post","type-post","status-publish","format-standard","hentry","category-chanta","category-chile","category-internet"],"_links":{"self":[{"href":"http:\/\/www.sofoca.cl\/pebre\/wp-json\/wp\/v2\/posts\/324","targetHints":{"allow":["GET"]}}],"collection":[{"href":"http:\/\/www.sofoca.cl\/pebre\/wp-json\/wp\/v2\/posts"}],"about":[{"href":"http:\/\/www.sofoca.cl\/pebre\/wp-json\/wp\/v2\/types\/post"}],"author":[{"embeddable":true,"href":"http:\/\/www.sofoca.cl\/pebre\/wp-json\/wp\/v2\/users\/2"}],"replies":[{"embeddable":true,"href":"http:\/\/www.sofoca.cl\/pebre\/wp-json\/wp\/v2\/comments?post=324"}],"version-history":[{"count":0,"href":"http:\/\/www.sofoca.cl\/pebre\/wp-json\/wp\/v2\/posts\/324\/revisions"}],"wp:attachment":[{"href":"http:\/\/www.sofoca.cl\/pebre\/wp-json\/wp\/v2\/media?parent=324"}],"wp:term":[{"taxonomy":"category","embeddable":true,"href":"http:\/\/www.sofoca.cl\/pebre\/wp-json\/wp\/v2\/categories?post=324"},{"taxonomy":"post_tag","embeddable":true,"href":"http:\/\/www.sofoca.cl\/pebre\/wp-json\/wp\/v2\/tags?post=324"}],"curies":[{"name":"wp","href":"https:\/\/api.w.org\/{rel}","templated":true}]}}