{"id":339,"date":"2007-11-07T18:32:54","date_gmt":"2007-11-07T22:32:54","guid":{"rendered":"http:\/\/www.sofoca.cl\/pebre\/2007\/11\/07\/el-fanatico-del-zune-microsoft-zune\/"},"modified":"2007-11-07T18:32:54","modified_gmt":"2007-11-07T22:32:54","slug":"el-fanatico-del-zune-microsoft-zune","status":"publish","type":"post","link":"http:\/\/www.sofoca.cl\/pebre\/2007\/11\/07\/el-fanatico-del-zune-microsoft-zune\/","title":{"rendered":"El fan\u00e1tico del Zune: Microsoft Zune"},"content":{"rendered":"<p>El Zune es la respuesta de Microsoft al iPod de Apple. La diferencia es que el iPod ha tenido una gran fanaticada (como todos los productos de Apple) y el Zune&#8230; la verdad, <strong>no tanto<\/strong>. Sin embargo, entre las tinieblas, existe un fan del Zune&#8230;<\/p>\n<p style=\"text-align: center\"><img decoding=\"async\" src=\"http:\/\/www.sofoca.cl\/pebre\/wp-content\/uploads\/2007\/11\/microsoftzune.jpg\" alt=\"Con esta pinta las dejo locas a todas\" \/><\/p>\n<p>\u00c9l es el <strong>\u00fanico<\/strong> fan\u00e1tico del Zune. Para demostrar su amor se hizo <a href=\"http:\/\/www.zunescene.mobi\/forums\/index.php?topic=16563.0\">tres tatuajes<\/a>. Y no s\u00f3lo eso, adem\u00e1s anunci\u00f3 que se iba a <strong>cambiar el nombre a <a href=\"http:\/\/es.engadget.com\/2007\/11\/05\/se-cambia-el-nombre-y-se-pone-microsoft-zune\/\">Microsoft Zune<\/a><\/strong> para conmemorar el <em>gadget<\/em> que cambi\u00f3 su vida. Pobre idiota. <em>(V\u00eda <a href=\"http:\/\/www.gran-angular.net\/2007\/11\/07\/el-senor-microsoft-zune\/\">Gran Angular<\/a>)<\/em><\/p>\n","protected":false},"excerpt":{"rendered":"<p>El Zune es la respuesta de Microsoft al iPod de Apple. La diferencia es que el iPod ha tenido una gran fanaticada (como todos los productos de Apple) y el Zune&#8230; la verdad, no tanto. Sin embargo, entre las tinieblas, existe un fan del Zune&#8230; \u00c9l es el \u00fanico fan\u00e1tico del Zune. Para demostrar su [&hellip;]<\/p>\n","protected":false},"author":2,"featured_media":0,"comment_status":"open","ping_status":"open","sticky":false,"template":"","format":"standard","meta":{"footnotes":""},"categories":[9,13,18],"tags":[],"class_list":["post-339","post","type-post","status-publish","format-standard","hentry","category-chanta","category-fotos","category-tecnologia"],"_links":{"self":[{"href":"http:\/\/www.sofoca.cl\/pebre\/wp-json\/wp\/v2\/posts\/339","targetHints":{"allow":["GET"]}}],"collection":[{"href":"http:\/\/www.sofoca.cl\/pebre\/wp-json\/wp\/v2\/posts"}],"about":[{"href":"http:\/\/www.sofoca.cl\/pebre\/wp-json\/wp\/v2\/types\/post"}],"author":[{"embeddable":true,"href":"http:\/\/www.sofoca.cl\/pebre\/wp-json\/wp\/v2\/users\/2"}],"replies":[{"embeddable":true,"href":"http:\/\/www.sofoca.cl\/pebre\/wp-json\/wp\/v2\/comments?post=339"}],"version-history":[{"count":0,"href":"http:\/\/www.sofoca.cl\/pebre\/wp-json\/wp\/v2\/posts\/339\/revisions"}],"wp:attachment":[{"href":"http:\/\/www.sofoca.cl\/pebre\/wp-json\/wp\/v2\/media?parent=339"}],"wp:term":[{"taxonomy":"category","embeddable":true,"href":"http:\/\/www.sofoca.cl\/pebre\/wp-json\/wp\/v2\/categories?post=339"},{"taxonomy":"post_tag","embeddable":true,"href":"http:\/\/www.sofoca.cl\/pebre\/wp-json\/wp\/v2\/tags?post=339"}],"curies":[{"name":"wp","href":"https:\/\/api.w.org\/{rel}","templated":true}]}}