{"id":349,"date":"2007-11-09T16:31:42","date_gmt":"2007-11-09T20:31:42","guid":{"rendered":"http:\/\/www.sofoca.cl\/pebre\/2007\/11\/09\/el-primer-transantiago\/"},"modified":"2007-11-09T16:31:42","modified_gmt":"2007-11-09T20:31:42","slug":"el-primer-transantiago","status":"publish","type":"post","link":"http:\/\/www.sofoca.cl\/pebre\/2007\/11\/09\/el-primer-transantiago\/","title":{"rendered":"El primer Transantiago"},"content":{"rendered":"<p>Ahora est\u00e1n todos los santiaguinos enojados con el Transantiago que no funciona y pidiendo la vuelta de las micros amarillas, y algunos incluso est\u00e1n enojados con Zamorano por que sal\u00eda en los comerciales. En fin, todo mal. Pero las micros amarillas tambi\u00e9n fueron parte de un cambio brutal en las micros de Santiago: antes las micros eran de todos colores. Y para ese cambio, tambi\u00e9n hubo comercial&#8230;<\/p>\n<iframe loading=\"lazy\" title=\"TANDA DEL CAMBIO A LAS MICROS AMARILLAS 1992-CHILE\" width=\"500\" height=\"375\" src=\"https:\/\/www.youtube.com\/embed\/03pbkC49eaw?feature=oembed\" frameborder=\"0\" allow=\"accelerometer; autoplay; clipboard-write; encrypted-media; gyroscope; picture-in-picture; web-share\" referrerpolicy=\"strict-origin-when-cross-origin\" allowfullscreen><\/iframe>\n<p>El comercial es de 1992 y en esos entonces todos esperaban m\u00e1quinas m\u00e1s seguras, c\u00f3modas, ordenadas y eficientes. Bueno, eso no ha cambiado, todav\u00eda siguen esperando lo mismo. <em>(V\u00eda <a href=\"http:\/\/cesanteconinternet.blogspot.com\/2007\/11\/de-las-multicolor-las-amarillas-l.html\">Cesante con Internet<\/a>)<\/em><\/p>\n","protected":false},"excerpt":{"rendered":"<p>Ahora est\u00e1n todos los santiaguinos enojados con el Transantiago que no funciona y pidiendo la vuelta de las micros amarillas, y algunos incluso est\u00e1n enojados con Zamorano por que sal\u00eda en los comerciales. En fin, todo mal. Pero las micros amarillas tambi\u00e9n fueron parte de un cambio brutal en las micros de Santiago: antes las [&hellip;]<\/p>\n","protected":false},"author":2,"featured_media":0,"comment_status":"open","ping_status":"open","sticky":false,"template":"","format":"standard","meta":{"footnotes":""},"categories":[9,12,14,4],"tags":[],"class_list":["post-349","post","type-post","status-publish","format-standard","hentry","category-chanta","category-chile","category-publicidad","category-videos"],"_links":{"self":[{"href":"http:\/\/www.sofoca.cl\/pebre\/wp-json\/wp\/v2\/posts\/349","targetHints":{"allow":["GET"]}}],"collection":[{"href":"http:\/\/www.sofoca.cl\/pebre\/wp-json\/wp\/v2\/posts"}],"about":[{"href":"http:\/\/www.sofoca.cl\/pebre\/wp-json\/wp\/v2\/types\/post"}],"author":[{"embeddable":true,"href":"http:\/\/www.sofoca.cl\/pebre\/wp-json\/wp\/v2\/users\/2"}],"replies":[{"embeddable":true,"href":"http:\/\/www.sofoca.cl\/pebre\/wp-json\/wp\/v2\/comments?post=349"}],"version-history":[{"count":0,"href":"http:\/\/www.sofoca.cl\/pebre\/wp-json\/wp\/v2\/posts\/349\/revisions"}],"wp:attachment":[{"href":"http:\/\/www.sofoca.cl\/pebre\/wp-json\/wp\/v2\/media?parent=349"}],"wp:term":[{"taxonomy":"category","embeddable":true,"href":"http:\/\/www.sofoca.cl\/pebre\/wp-json\/wp\/v2\/categories?post=349"},{"taxonomy":"post_tag","embeddable":true,"href":"http:\/\/www.sofoca.cl\/pebre\/wp-json\/wp\/v2\/tags?post=349"}],"curies":[{"name":"wp","href":"https:\/\/api.w.org\/{rel}","templated":true}]}}