{"id":366,"date":"2007-11-14T21:06:37","date_gmt":"2007-11-15T01:06:37","guid":{"rendered":"http:\/\/www.sofoca.cl\/pebre\/2007\/11\/14\/foto-de-la-tierra-en-tiempo-real\/"},"modified":"2007-11-14T21:06:37","modified_gmt":"2007-11-15T01:06:37","slug":"foto-de-la-tierra-en-tiempo-real","status":"publish","type":"post","link":"http:\/\/www.sofoca.cl\/pebre\/2007\/11\/14\/foto-de-la-tierra-en-tiempo-real\/","title":{"rendered":"Foto de la tierra en tiempo real"},"content":{"rendered":"<p style=\"text-align: center\"><img decoding=\"async\" src=\"http:\/\/www.sofoca.cl\/pebre\/wp-content\/uploads\/2007\/11\/world_sunlight_map_rectangular.jpg\" alt=\"World Map\" \/><\/p>\n<p><a href=\"http:\/\/www.opentopia.com\/sunlightmaprect.html\"><strong>World Sunlight Map<\/strong><\/a> tiene fotos en tiempo real de la tierra donde se ven la posici\u00f3n de las nubes y la luz del sol. Puedes escoger entre dos im\u00e1genes, una <a href=\"http:\/\/www.opentopia.com\/sunlightmaprect.html\">proyecci\u00f3n rectangular<\/a> y una <a href=\"http:\/\/www.opentopia.com\/sunlightmaphemi.html\">proyecci\u00f3n hemisf\u00e9rica<\/a>, que es m\u00e1s \u00abreal\u00bb. <em>(V\u00eda <a href=\"http:\/\/meneame.net\/story\/img-vista-actual-tierra-donde-aprecia-luz-sol-nubes-actuales\">Men\u00e9ame<\/a>)<\/em><\/p>\n","protected":false},"excerpt":{"rendered":"<p>World Sunlight Map tiene fotos en tiempo real de la tierra donde se ven la posici\u00f3n de las nubes y la luz del sol. Puedes escoger entre dos im\u00e1genes, una proyecci\u00f3n rectangular y una proyecci\u00f3n hemisf\u00e9rica, que es m\u00e1s \u00abreal\u00bb. (V\u00eda Men\u00e9ame)<\/p>\n","protected":false},"author":2,"featured_media":0,"comment_status":"open","ping_status":"open","sticky":false,"template":"","format":"standard","meta":{"footnotes":""},"categories":[16,11,13],"tags":[],"class_list":["post-366","post","type-post","status-publish","format-standard","hentry","category-bakan","category-ciencia","category-fotos"],"_links":{"self":[{"href":"http:\/\/www.sofoca.cl\/pebre\/wp-json\/wp\/v2\/posts\/366","targetHints":{"allow":["GET"]}}],"collection":[{"href":"http:\/\/www.sofoca.cl\/pebre\/wp-json\/wp\/v2\/posts"}],"about":[{"href":"http:\/\/www.sofoca.cl\/pebre\/wp-json\/wp\/v2\/types\/post"}],"author":[{"embeddable":true,"href":"http:\/\/www.sofoca.cl\/pebre\/wp-json\/wp\/v2\/users\/2"}],"replies":[{"embeddable":true,"href":"http:\/\/www.sofoca.cl\/pebre\/wp-json\/wp\/v2\/comments?post=366"}],"version-history":[{"count":0,"href":"http:\/\/www.sofoca.cl\/pebre\/wp-json\/wp\/v2\/posts\/366\/revisions"}],"wp:attachment":[{"href":"http:\/\/www.sofoca.cl\/pebre\/wp-json\/wp\/v2\/media?parent=366"}],"wp:term":[{"taxonomy":"category","embeddable":true,"href":"http:\/\/www.sofoca.cl\/pebre\/wp-json\/wp\/v2\/categories?post=366"},{"taxonomy":"post_tag","embeddable":true,"href":"http:\/\/www.sofoca.cl\/pebre\/wp-json\/wp\/v2\/tags?post=366"}],"curies":[{"name":"wp","href":"https:\/\/api.w.org\/{rel}","templated":true}]}}