{"id":380,"date":"2007-11-18T10:54:56","date_gmt":"2007-11-18T14:54:56","guid":{"rendered":"http:\/\/www.sofoca.cl\/pebre\/2007\/11\/18\/el-otro-pebre\/"},"modified":"2007-11-25T12:22:15","modified_gmt":"2007-11-25T16:22:15","slug":"el-otro-pebre","status":"publish","type":"post","link":"http:\/\/www.sofoca.cl\/pebre\/2007\/11\/18\/el-otro-pebre\/","title":{"rendered":"El otro Pebre"},"content":{"rendered":"<p style=\"text-align: center\"><img decoding=\"async\" src=\"http:\/\/www.sofoca.cl\/pebre\/wp-content\/uploads\/2007\/11\/antipebre.jpg\" alt=\"Pebre, la banda\" \/><\/p>\n<p><strong>Pebre<\/strong>, aparte de ser una <a href=\"http:\/\/es.wikipedia.org\/wiki\/Pebre\">comida t\u00edpica chilena<\/a>, y el nombre de <a href=\"http:\/\/www.sofoca.cl\/pebre\/\">tu <em>blog<\/em> favorito<\/a>, es una <a href=\"http:\/\/www.pebre.cl\/\">banda musical chilena<\/a>. Est\u00e1 compuesta por Jorge Herrera, Andr\u00e9s Valdivia y Andr\u00e9s Waissbluth. Ellos se definen como \u00abun proyecto de reciclaje musical, enfocado en el inconsciente colectivo\u00bb. Se caracterizan por hacer <a href=\"http:\/\/www.lun.com\/modulos\/catalogo\/paginas\/2007\/10\/11\/LUCPRSO08LU1110.htm?idnoticia=CM5OS2Q620071011&amp;tipoPantalla=1260\"><em>covers<\/em> de cumbias cl\u00e1sicas en versi\u00f3n \u00abtriste\u00bb<\/a>, y por ser m\u00e1s vivos que nosotros a la hora de comprar <a href=\"http:\/\/www.nic.cl\/cgi-bin\/dom-CL?q=pebre\">el dominio .cl<\/a>.<\/p>\n<p>En su <a href=\"http:\/\/www.pebre.cl\/\"><strong>p\u00e1gina web<\/strong><\/a> se pueden encontrar varias de sus <a href=\"http:\/\/www.pebre.cl\/\">canciones en formato MP3<\/a> para escuchar o descargar, y hasta est\u00e1n en <a href=\"http:\/\/www.pebre.cl\/index.php\/pebre-en-tu-blog\/\">un formato que permite ponerlo en <em>blogs<\/em><\/a>.<\/p>\n<h3>Pebre &#8211; Un a\u00f1o m\u00e1s<\/h3>\n<p align=\"center\"><object type=\"application\/x-shockwave-flash\" data=\"http:\/\/www.podcaster.cl\/wp-content\/plugins\/audio-player\/player.swf\" width=\"290\" height=\"24\"><param name=\"movie\" value=\"http:\/\/www.podcaster.cl\/wp-content\/plugins\/audio-player\/player.swf\" \/><param name=\"FlashVars\" value=\"playerID=1&amp;soundFile=http:\/\/www.pebre.cl\/wp-content\/uploads\/UnAnoMas.mp3\" \/><param name=\"quality\" value=\"high\" \/><param name=\"menu\" value=\"false\" \/><param name=\"bgcolor\" value=\"#F9F9F9\" \/><\/object><\/p>\n<h3>Pebre &#8211; El gale\u00f3n espa\u00f1ol<\/h3>\n<p align=\"center\"><object type=\"application\/x-shockwave-flash\" data=\"http:\/\/www.podcaster.cl\/wp-content\/plugins\/audio-player\/player.swf\" width=\"290\" height=\"24\"><param name=\"movie\" value=\"http:\/\/www.podcaster.cl\/wp-content\/plugins\/audio-player\/player.swf\" \/><param name=\"FlashVars\" value=\"playerID=1&amp;soundFile=http:\/\/www.pebre.cl\/wp-content\/uploads\/ElGaleonEspanol.mp3\" \/><param name=\"quality\" value=\"high\" \/><param name=\"menu\" value=\"false\" \/><param name=\"bgcolor\" value=\"#F9F9F9\" \/><\/object><\/p>\n","protected":false},"excerpt":{"rendered":"<p>Pebre, aparte de ser una comida t\u00edpica chilena, y el nombre de tu blog favorito, es una banda musical chilena. Est\u00e1 compuesta por Jorge Herrera, Andr\u00e9s Valdivia y Andr\u00e9s Waissbluth. Ellos se definen como \u00abun proyecto de reciclaje musical, enfocado en el inconsciente colectivo\u00bb. Se caracterizan por hacer covers de cumbias cl\u00e1sicas en versi\u00f3n \u00abtriste\u00bb, [&hellip;]<\/p>\n","protected":false},"author":2,"featured_media":0,"comment_status":"open","ping_status":"open","sticky":false,"template":"","format":"standard","meta":{"footnotes":""},"categories":[16,12,6],"tags":[],"class_list":["post-380","post","type-post","status-publish","format-standard","hentry","category-bakan","category-chile","category-musica"],"_links":{"self":[{"href":"http:\/\/www.sofoca.cl\/pebre\/wp-json\/wp\/v2\/posts\/380","targetHints":{"allow":["GET"]}}],"collection":[{"href":"http:\/\/www.sofoca.cl\/pebre\/wp-json\/wp\/v2\/posts"}],"about":[{"href":"http:\/\/www.sofoca.cl\/pebre\/wp-json\/wp\/v2\/types\/post"}],"author":[{"embeddable":true,"href":"http:\/\/www.sofoca.cl\/pebre\/wp-json\/wp\/v2\/users\/2"}],"replies":[{"embeddable":true,"href":"http:\/\/www.sofoca.cl\/pebre\/wp-json\/wp\/v2\/comments?post=380"}],"version-history":[{"count":0,"href":"http:\/\/www.sofoca.cl\/pebre\/wp-json\/wp\/v2\/posts\/380\/revisions"}],"wp:attachment":[{"href":"http:\/\/www.sofoca.cl\/pebre\/wp-json\/wp\/v2\/media?parent=380"}],"wp:term":[{"taxonomy":"category","embeddable":true,"href":"http:\/\/www.sofoca.cl\/pebre\/wp-json\/wp\/v2\/categories?post=380"},{"taxonomy":"post_tag","embeddable":true,"href":"http:\/\/www.sofoca.cl\/pebre\/wp-json\/wp\/v2\/tags?post=380"}],"curies":[{"name":"wp","href":"https:\/\/api.w.org\/{rel}","templated":true}]}}