{"id":384,"date":"2007-11-18T20:24:06","date_gmt":"2007-11-19T00:24:06","guid":{"rendered":"http:\/\/www.sofoca.cl\/pebre\/2007\/11\/18\/condorito-es-chileno\/"},"modified":"2007-11-25T12:16:26","modified_gmt":"2007-11-25T16:16:26","slug":"condorito-es-chileno","status":"publish","type":"post","link":"http:\/\/www.sofoca.cl\/pebre\/2007\/11\/18\/condorito-es-chileno\/","title":{"rendered":"Condorito es chileno"},"content":{"rendered":"<p style=\"text-align: center\"><img decoding=\"async\" src=\"http:\/\/www.sofoca.cl\/condorito\/blog\/wp-content\/uploads\/2007\/11\/condoritomexicano.jpg\" alt=\"\" \/><\/p>\n<p>A pesar de lo que digan, Condorito es chileno. En <a href=\"http:\/\/www.sofoca.cl\/condorito\/2007\/11\/18\/condorito-es-chileno\/\"><strong>la p\u00e1gina de Condorito en Sofoca<\/strong><\/a> hay un buen an\u00e1lisis del fen\u00f3meno que afecta a varios pa\u00edses latinoamericanos y que consiste en repatriar a Condorito como suyo.<\/p>\n","protected":false},"excerpt":{"rendered":"<p>A pesar de lo que digan, Condorito es chileno. En la p\u00e1gina de Condorito en Sofoca hay un buen an\u00e1lisis del fen\u00f3meno que afecta a varios pa\u00edses latinoamericanos y que consiste en repatriar a Condorito como suyo.<\/p>\n","protected":false},"author":2,"featured_media":0,"comment_status":"open","ping_status":"open","sticky":false,"template":"","format":"standard","meta":{"footnotes":""},"categories":[15,12,10],"tags":[],"class_list":["post-384","post","type-post","status-publish","format-standard","hentry","category-comic","category-chile","category-loco"],"_links":{"self":[{"href":"http:\/\/www.sofoca.cl\/pebre\/wp-json\/wp\/v2\/posts\/384","targetHints":{"allow":["GET"]}}],"collection":[{"href":"http:\/\/www.sofoca.cl\/pebre\/wp-json\/wp\/v2\/posts"}],"about":[{"href":"http:\/\/www.sofoca.cl\/pebre\/wp-json\/wp\/v2\/types\/post"}],"author":[{"embeddable":true,"href":"http:\/\/www.sofoca.cl\/pebre\/wp-json\/wp\/v2\/users\/2"}],"replies":[{"embeddable":true,"href":"http:\/\/www.sofoca.cl\/pebre\/wp-json\/wp\/v2\/comments?post=384"}],"version-history":[{"count":0,"href":"http:\/\/www.sofoca.cl\/pebre\/wp-json\/wp\/v2\/posts\/384\/revisions"}],"wp:attachment":[{"href":"http:\/\/www.sofoca.cl\/pebre\/wp-json\/wp\/v2\/media?parent=384"}],"wp:term":[{"taxonomy":"category","embeddable":true,"href":"http:\/\/www.sofoca.cl\/pebre\/wp-json\/wp\/v2\/categories?post=384"},{"taxonomy":"post_tag","embeddable":true,"href":"http:\/\/www.sofoca.cl\/pebre\/wp-json\/wp\/v2\/tags?post=384"}],"curies":[{"name":"wp","href":"https:\/\/api.w.org\/{rel}","templated":true}]}}