{"id":387,"date":"2007-11-19T22:30:57","date_gmt":"2007-11-20T02:30:57","guid":{"rendered":"http:\/\/www.sofoca.cl\/pebre\/2007\/11\/19\/%c2%bfse-murio-la-rock-pop\/"},"modified":"2007-11-19T22:30:57","modified_gmt":"2007-11-20T02:30:57","slug":"%c2%bfse-murio-la-rock-pop","status":"publish","type":"post","link":"http:\/\/www.sofoca.cl\/pebre\/2007\/11\/19\/%c2%bfse-murio-la-rock-pop\/","title":{"rendered":"\u00bfSe muri\u00f3 la Rock &#038; Pop?"},"content":{"rendered":"<p style=\"text-align: center\"><img decoding=\"async\" src=\"http:\/\/www.sofoca.cl\/pebre\/wp-content\/uploads\/2007\/11\/rockandpop.jpg\" alt=\"Rock &amp; Pop\" \/><\/p>\n<p>Con este tipo de \u00abmedios enfocados a la juventud, sh\u00faper en la onda, cachai\u00bb nunca se saben si est\u00e1n hablando en serio o no, y de hecho la <a href=\"http:\/\/rockandpop.cl\/\"><strong>Rock &amp; Pop<\/strong><\/a> se caracteriza por haber hecho m\u00e1s de alg\u00fan <em>hoax<\/em> de este tipo. Pero parece que esto va m\u00e1s en serio: su <a href=\"http:\/\/rockandpop.cl\/\">p\u00e1gina web<\/a> est\u00e1 totalmente difunta y su programaci\u00f3n tambi\u00e9n. Seg\u00fan <a href=\"http:\/\/www.emol.com\/noticias\/todas\/detalle\/detallenoticias.asp?idnoticia=282408\">Emol<\/a>:<\/p>\n<blockquote><p>Con canciones de Violeta Parra como parte de una programaci\u00f3n especial de transici\u00f3n est\u00e1 hoy la radio Rock &amp; Pop, en espera de los cambios en la l\u00ednea program\u00e1tica de esa estaci\u00f3n que ser\u00e1n anunciados ma\u00f1ana. La emisora es una de las ocho que hasta este a\u00f1o pertenec\u00edan al conglomerado radial Iberoamerican y que en julio \u00faltimo pasaron a propiedad del consorcio espa\u00f1ol Prisa.<\/p>\n<p>Identificada desde sus inicios con una audiencia juvenil y adolescente, Rock &amp; Pop introdujo en las \u00faltimas semanas un cambio en su programaci\u00f3n, con \u00e9nfasis en canciones de cat\u00e1logo de los a\u00f1os &#8217;90. El cambio coincide con el inicio de una nueva administraci\u00f3n en la emisora, a cargo del director Rodrigo \u00c1lvarez, que entre sus planes incluye la creaci\u00f3n de nuevos programas y la reorientaci\u00f3n de la radio a un p\u00fablico de 25 a 30 a\u00f1os.<\/p><\/blockquote>\n<p>Como se menciona en <a href=\"http:\/\/www.emol.com\/noticias\/todas\/detalle\/detallenoticias.asp?idnoticia=282408\">la noticia<\/a>, no es la \u00fanica radio del conglomerado que ha cambiado; la otrora excelente <a href=\"http:\/\/concierto.cl\">radio Concierto<\/a> mut\u00f3 en un remedo de un remedo de radio ochentera. No s\u00e9 qu\u00e9 pretenden, pero all\u00e1 ellos.<\/p>\n","protected":false},"excerpt":{"rendered":"<p>Con este tipo de \u00abmedios enfocados a la juventud, sh\u00faper en la onda, cachai\u00bb nunca se saben si est\u00e1n hablando en serio o no, y de hecho la Rock &amp; Pop se caracteriza por haber hecho m\u00e1s de alg\u00fan hoax de este tipo. Pero parece que esto va m\u00e1s en serio: su p\u00e1gina web est\u00e1 [&hellip;]<\/p>\n","protected":false},"author":2,"featured_media":0,"comment_status":"open","ping_status":"open","sticky":false,"template":"","format":"standard","meta":{"footnotes":""},"categories":[17,9,12,6],"tags":[],"class_list":["post-387","post","type-post","status-publish","format-standard","hentry","category-caput","category-chanta","category-chile","category-musica"],"_links":{"self":[{"href":"http:\/\/www.sofoca.cl\/pebre\/wp-json\/wp\/v2\/posts\/387","targetHints":{"allow":["GET"]}}],"collection":[{"href":"http:\/\/www.sofoca.cl\/pebre\/wp-json\/wp\/v2\/posts"}],"about":[{"href":"http:\/\/www.sofoca.cl\/pebre\/wp-json\/wp\/v2\/types\/post"}],"author":[{"embeddable":true,"href":"http:\/\/www.sofoca.cl\/pebre\/wp-json\/wp\/v2\/users\/2"}],"replies":[{"embeddable":true,"href":"http:\/\/www.sofoca.cl\/pebre\/wp-json\/wp\/v2\/comments?post=387"}],"version-history":[{"count":0,"href":"http:\/\/www.sofoca.cl\/pebre\/wp-json\/wp\/v2\/posts\/387\/revisions"}],"wp:attachment":[{"href":"http:\/\/www.sofoca.cl\/pebre\/wp-json\/wp\/v2\/media?parent=387"}],"wp:term":[{"taxonomy":"category","embeddable":true,"href":"http:\/\/www.sofoca.cl\/pebre\/wp-json\/wp\/v2\/categories?post=387"},{"taxonomy":"post_tag","embeddable":true,"href":"http:\/\/www.sofoca.cl\/pebre\/wp-json\/wp\/v2\/tags?post=387"}],"curies":[{"name":"wp","href":"https:\/\/api.w.org\/{rel}","templated":true}]}}