{"id":394,"date":"2007-11-21T19:33:32","date_gmt":"2007-11-21T23:33:32","guid":{"rendered":"http:\/\/www.sofoca.cl\/pebre\/2007\/11\/21\/el-dia-sin-musica\/"},"modified":"2007-11-21T19:33:32","modified_gmt":"2007-11-21T23:33:32","slug":"el-dia-sin-musica","status":"publish","type":"post","link":"http:\/\/www.sofoca.cl\/pebre\/2007\/11\/21\/el-dia-sin-musica\/","title":{"rendered":"El d\u00eda sin m\u00fasica"},"content":{"rendered":"<p style=\"text-align: center\"><img decoding=\"async\" src=\"http:\/\/www.sofoca.cl\/pebre\/wp-content\/uploads\/2007\/11\/notice02.gif\" alt=\"Sin m\u00fasica.\" \/><\/p>\n<p>El onom\u00e1stico m\u00e1s est\u00fapido del a\u00f1o es <a href=\"http:\/\/www.nomusicday.com\/\">el d\u00eda sin m\u00fasica<\/a> que se celebra todo 21 de noviembre. Fue ideado por <a href=\"http:\/\/en.wikipedia.org\/wiki\/Bill_Drummond\">Bill Drummond<\/a> y la idea tras todo esto es \u00abre-pensar(nos) un poco, prescindir del omnipresente iPod por un rato y salir a dar un paseo sonoro por el lugar donde vivimos&#8230;\u00bb<\/p>\n<p>Cada vez tiene m\u00e1s adeptos y hasta una <a href=\"http:\/\/www.bbc.co.uk\/scotland\/music\/events\/no_music_day\/index.shtml\">se\u00f1al de la BBC<\/a> se uni\u00f3 al d\u00eda. Yo no ten\u00eda idea de que se celebraba y escuch\u00e9 m\u00fasica todo el d\u00eda. Y no pienso celebrarlo tampoco.<\/p>\n","protected":false},"excerpt":{"rendered":"<p>El onom\u00e1stico m\u00e1s est\u00fapido del a\u00f1o es el d\u00eda sin m\u00fasica que se celebra todo 21 de noviembre. Fue ideado por Bill Drummond y la idea tras todo esto es \u00abre-pensar(nos) un poco, prescindir del omnipresente iPod por un rato y salir a dar un paseo sonoro por el lugar donde vivimos&#8230;\u00bb Cada vez tiene [&hellip;]<\/p>\n","protected":false},"author":2,"featured_media":0,"comment_status":"open","ping_status":"open","sticky":false,"template":"","format":"standard","meta":{"footnotes":""},"categories":[9,6],"tags":[],"class_list":["post-394","post","type-post","status-publish","format-standard","hentry","category-chanta","category-musica"],"_links":{"self":[{"href":"http:\/\/www.sofoca.cl\/pebre\/wp-json\/wp\/v2\/posts\/394","targetHints":{"allow":["GET"]}}],"collection":[{"href":"http:\/\/www.sofoca.cl\/pebre\/wp-json\/wp\/v2\/posts"}],"about":[{"href":"http:\/\/www.sofoca.cl\/pebre\/wp-json\/wp\/v2\/types\/post"}],"author":[{"embeddable":true,"href":"http:\/\/www.sofoca.cl\/pebre\/wp-json\/wp\/v2\/users\/2"}],"replies":[{"embeddable":true,"href":"http:\/\/www.sofoca.cl\/pebre\/wp-json\/wp\/v2\/comments?post=394"}],"version-history":[{"count":0,"href":"http:\/\/www.sofoca.cl\/pebre\/wp-json\/wp\/v2\/posts\/394\/revisions"}],"wp:attachment":[{"href":"http:\/\/www.sofoca.cl\/pebre\/wp-json\/wp\/v2\/media?parent=394"}],"wp:term":[{"taxonomy":"category","embeddable":true,"href":"http:\/\/www.sofoca.cl\/pebre\/wp-json\/wp\/v2\/categories?post=394"},{"taxonomy":"post_tag","embeddable":true,"href":"http:\/\/www.sofoca.cl\/pebre\/wp-json\/wp\/v2\/tags?post=394"}],"curies":[{"name":"wp","href":"https:\/\/api.w.org\/{rel}","templated":true}]}}