{"id":396,"date":"2007-11-22T01:49:53","date_gmt":"2007-11-22T05:49:53","guid":{"rendered":"http:\/\/www.sofoca.cl\/pebre\/2007\/11\/22\/la-historia-de-la-musica-en-violines\/"},"modified":"2007-11-22T01:49:53","modified_gmt":"2007-11-22T05:49:53","slug":"la-historia-de-la-musica-en-violines","status":"publish","type":"post","link":"http:\/\/www.sofoca.cl\/pebre\/2007\/11\/22\/la-historia-de-la-musica-en-violines\/","title":{"rendered":"La historia de la m\u00fasica en violines"},"content":{"rendered":"<a href=\"http:\/\/www.youtube.com\/watch?v=3O9jxBxG5Tw\">http:\/\/www.youtube.com\/watch?v=3O9jxBxG5Tw<\/a>\n<p>Cuatro violinistas locos tocan <del datetime=\"2007-11-22T05:32:11+00:00\">toda<\/del> la historia de la m\u00fasica en violines, desde los inicios de la m\u00fasica cl\u00e1sica hasta los \u00e9xitos de Deep Purple, en s\u00f3lo cinco minutos. Nada mejor puede ser pensado. <em>(V\u00eda <a href=\"http:\/\/antidepresivo.net\/2007\/11\/21\/video-la-historia-de-la-musica\/\">Antidepresivo<\/a>)<\/em><\/p>\n","protected":false},"excerpt":{"rendered":"<p>Cuatro violinistas locos tocan toda la historia de la m\u00fasica en violines, desde los inicios de la m\u00fasica cl\u00e1sica hasta los \u00e9xitos de Deep Purple, en s\u00f3lo cinco minutos. Nada mejor puede ser pensado. (V\u00eda Antidepresivo)<\/p>\n","protected":false},"author":2,"featured_media":0,"comment_status":"open","ping_status":"open","sticky":false,"template":"","format":"standard","meta":{"footnotes":""},"categories":[10,6,4],"tags":[],"class_list":["post-396","post","type-post","status-publish","format-standard","hentry","category-loco","category-musica","category-videos"],"_links":{"self":[{"href":"http:\/\/www.sofoca.cl\/pebre\/wp-json\/wp\/v2\/posts\/396","targetHints":{"allow":["GET"]}}],"collection":[{"href":"http:\/\/www.sofoca.cl\/pebre\/wp-json\/wp\/v2\/posts"}],"about":[{"href":"http:\/\/www.sofoca.cl\/pebre\/wp-json\/wp\/v2\/types\/post"}],"author":[{"embeddable":true,"href":"http:\/\/www.sofoca.cl\/pebre\/wp-json\/wp\/v2\/users\/2"}],"replies":[{"embeddable":true,"href":"http:\/\/www.sofoca.cl\/pebre\/wp-json\/wp\/v2\/comments?post=396"}],"version-history":[{"count":0,"href":"http:\/\/www.sofoca.cl\/pebre\/wp-json\/wp\/v2\/posts\/396\/revisions"}],"wp:attachment":[{"href":"http:\/\/www.sofoca.cl\/pebre\/wp-json\/wp\/v2\/media?parent=396"}],"wp:term":[{"taxonomy":"category","embeddable":true,"href":"http:\/\/www.sofoca.cl\/pebre\/wp-json\/wp\/v2\/categories?post=396"},{"taxonomy":"post_tag","embeddable":true,"href":"http:\/\/www.sofoca.cl\/pebre\/wp-json\/wp\/v2\/tags?post=396"}],"curies":[{"name":"wp","href":"https:\/\/api.w.org\/{rel}","templated":true}]}}