{"id":40,"date":"2007-08-23T20:54:27","date_gmt":"2007-08-24T00:54:27","guid":{"rendered":"http:\/\/www.sofoca.cl\/pebre\/2007\/08\/23\/el-presidente-de-francia-no-tiene-rollitos-gracias-a-photoshop\/"},"modified":"2007-08-23T20:54:27","modified_gmt":"2007-08-24T00:54:27","slug":"el-presidente-de-francia-no-tiene-rollitos-gracias-a-photoshop","status":"publish","type":"post","link":"http:\/\/www.sofoca.cl\/pebre\/2007\/08\/23\/el-presidente-de-francia-no-tiene-rollitos-gracias-a-photoshop\/","title":{"rendered":"El Presidente de Francia no tiene rollitos gracias a Photoshop"},"content":{"rendered":"<p><img decoding=\"async\" src=\"http:\/\/www.sofoca.cl\/pebre\/wp-content\/uploads\/2007\/08\/sarkozy.jpg\" alt=\"Sarkozy\" align=\"right\" \/>El Presidente de Francia, <a href=\"http:\/\/en.wikipedia.org\/wiki\/Nicolas_Sarkozy\">Nicolas Sarkozy<\/a>, sali\u00f3 el 9 de agosto en la revista francesa <em>Paris-Match<\/em> navegando en canoa, en una foto sacada por un paparazzi.<\/p>\n<p>Pues bien, la revista <em>l&#8217;Express<\/em> public\u00f3 la versi\u00f3n original de la foto, y su principal diferencia es que en la foto sin retoques, el Presidente tiene unos \u00abrollitos\u00bb bien pronunciados y en la versi\u00f3n que sali\u00f3 en la revista, sale con una figura esbelta y atl\u00e9tica.<\/p>\n<p>Un detalle: el propietario de la revista <em>Paris-Match<\/em> es Arnaud Lagard\u00e8re, buen amigo de Sarkozy. Desde el gobierno de Francia niegan haber pedido alg\u00fan retoque. En fin.<\/p>\n<p><a href=\"http:\/\/elmundo.es\/elmundo\/2007\/08\/22\/comunicacion\/1187805022.html\">Link<\/a> <em>(V\u00eda <a href=\"http:\/\/alt1040.com\/archivo\/2007\/08\/24\/mas-casos-de-photoshop-periodistico\/\">ALT1040<\/a>)<\/em><\/p>\n","protected":false},"excerpt":{"rendered":"<p>El Presidente de Francia, Nicolas Sarkozy, sali\u00f3 el 9 de agosto en la revista francesa Paris-Match navegando en canoa, en una foto sacada por un paparazzi. Pues bien, la revista l&#8217;Express public\u00f3 la versi\u00f3n original de la foto, y su principal diferencia es que en la foto sin retoques, el Presidente tiene unos \u00abrollitos\u00bb bien [&hellip;]<\/p>\n","protected":false},"author":2,"featured_media":0,"comment_status":"open","ping_status":"open","sticky":false,"template":"","format":"standard","meta":{"footnotes":""},"categories":[13,7],"tags":[],"class_list":["post-40","post","type-post","status-publish","format-standard","hentry","category-fotos","category-internacional"],"_links":{"self":[{"href":"http:\/\/www.sofoca.cl\/pebre\/wp-json\/wp\/v2\/posts\/40","targetHints":{"allow":["GET"]}}],"collection":[{"href":"http:\/\/www.sofoca.cl\/pebre\/wp-json\/wp\/v2\/posts"}],"about":[{"href":"http:\/\/www.sofoca.cl\/pebre\/wp-json\/wp\/v2\/types\/post"}],"author":[{"embeddable":true,"href":"http:\/\/www.sofoca.cl\/pebre\/wp-json\/wp\/v2\/users\/2"}],"replies":[{"embeddable":true,"href":"http:\/\/www.sofoca.cl\/pebre\/wp-json\/wp\/v2\/comments?post=40"}],"version-history":[{"count":0,"href":"http:\/\/www.sofoca.cl\/pebre\/wp-json\/wp\/v2\/posts\/40\/revisions"}],"wp:attachment":[{"href":"http:\/\/www.sofoca.cl\/pebre\/wp-json\/wp\/v2\/media?parent=40"}],"wp:term":[{"taxonomy":"category","embeddable":true,"href":"http:\/\/www.sofoca.cl\/pebre\/wp-json\/wp\/v2\/categories?post=40"},{"taxonomy":"post_tag","embeddable":true,"href":"http:\/\/www.sofoca.cl\/pebre\/wp-json\/wp\/v2\/tags?post=40"}],"curies":[{"name":"wp","href":"https:\/\/api.w.org\/{rel}","templated":true}]}}