{"id":41,"date":"2007-08-24T12:34:00","date_gmt":"2007-08-24T16:34:00","guid":{"rendered":"http:\/\/www.sofoca.cl\/pebre\/2007\/08\/24\/el-dia-que-xuxa-casi-se-va-a-la-xuxa\/"},"modified":"2007-08-24T12:34:00","modified_gmt":"2007-08-24T16:34:00","slug":"el-dia-que-xuxa-casi-se-va-a-la-xuxa","status":"publish","type":"post","link":"http:\/\/www.sofoca.cl\/pebre\/2007\/08\/24\/el-dia-que-xuxa-casi-se-va-a-la-xuxa\/","title":{"rendered":"El d\u00eda que Xuxa casi se va a la Xuxa"},"content":{"rendered":"<p>Esto pas\u00f3 en 2001; durante de la grabaci\u00f3n del programa \u00abXuxa Park\u00bb y justo durante la canci\u00f3n \u00abIlari\u00e9\u00bb, el estudio donde Xuxa estaba cantando se incendi\u00f3.<\/p>\n<a href=\"http:\/\/www.youtube.com\/watch?v=KVoj2VIsv7s\">http:\/\/www.youtube.com\/watch?v=KVoj2VIsv7s<\/a>\n<p><em>(V\u00eda <a href=\"http:\/\/elrincondelocio.wordpress.com\/2007\/08\/23\/el-dia-que-xuxa-casi-se-va-a-la-chucha\/\">El Rinc\u00f3n del Ocio<\/a>)<\/em><\/p>\n","protected":false},"excerpt":{"rendered":"<p>Esto pas\u00f3 en 2001; durante de la grabaci\u00f3n del programa \u00abXuxa Park\u00bb y justo durante la canci\u00f3n \u00abIlari\u00e9\u00bb, el estudio donde Xuxa estaba cantando se incendi\u00f3. (V\u00eda El Rinc\u00f3n del Ocio)<\/p>\n","protected":false},"author":2,"featured_media":0,"comment_status":"open","ping_status":"open","sticky":false,"template":"","format":"standard","meta":{"footnotes":""},"categories":[10,4],"tags":[],"class_list":["post-41","post","type-post","status-publish","format-standard","hentry","category-loco","category-videos"],"_links":{"self":[{"href":"http:\/\/www.sofoca.cl\/pebre\/wp-json\/wp\/v2\/posts\/41","targetHints":{"allow":["GET"]}}],"collection":[{"href":"http:\/\/www.sofoca.cl\/pebre\/wp-json\/wp\/v2\/posts"}],"about":[{"href":"http:\/\/www.sofoca.cl\/pebre\/wp-json\/wp\/v2\/types\/post"}],"author":[{"embeddable":true,"href":"http:\/\/www.sofoca.cl\/pebre\/wp-json\/wp\/v2\/users\/2"}],"replies":[{"embeddable":true,"href":"http:\/\/www.sofoca.cl\/pebre\/wp-json\/wp\/v2\/comments?post=41"}],"version-history":[{"count":0,"href":"http:\/\/www.sofoca.cl\/pebre\/wp-json\/wp\/v2\/posts\/41\/revisions"}],"wp:attachment":[{"href":"http:\/\/www.sofoca.cl\/pebre\/wp-json\/wp\/v2\/media?parent=41"}],"wp:term":[{"taxonomy":"category","embeddable":true,"href":"http:\/\/www.sofoca.cl\/pebre\/wp-json\/wp\/v2\/categories?post=41"},{"taxonomy":"post_tag","embeddable":true,"href":"http:\/\/www.sofoca.cl\/pebre\/wp-json\/wp\/v2\/tags?post=41"}],"curies":[{"name":"wp","href":"https:\/\/api.w.org\/{rel}","templated":true}]}}