{"id":412,"date":"2007-11-27T22:40:10","date_gmt":"2007-11-28T02:40:10","guid":{"rendered":"http:\/\/www.sofoca.cl\/pebre\/2007\/11\/27\/el-reloj-flexible\/"},"modified":"2007-11-27T22:40:10","modified_gmt":"2007-11-28T02:40:10","slug":"el-reloj-flexible","status":"publish","type":"post","link":"http:\/\/www.sofoca.cl\/pebre\/2007\/11\/27\/el-reloj-flexible\/","title":{"rendered":"El reloj flexible"},"content":{"rendered":"<p>Con este nuevo y original reloj puedes controlar la cantidad de tiempo que dura una hora. \u00bfC\u00f3mo? Pues moviendo los n\u00fameros&#8230;<\/p>\n<p style=\"text-align: center\"><img decoding=\"async\" src=\"http:\/\/www.sofoca.cl\/pebre\/wp-content\/uploads\/2007\/11\/reloj-flexible.jpg\" alt=\"Reloj flexible\" \/><\/p>\n<p>La cuestioncita es creaci\u00f3n de <a href=\"http:\/\/www.anab.in\/yeartwo\/timeinobjects\/time1.html\">Louise w. Klinker y Anab Jain<\/a>. En su p\u00e1gina tienen muchos m\u00e1s objetos con \u00abtiempo\u00bb en ellos; por ejemplo <a href=\"http:\/\/www.anab.in\/yeartwo\/timeinobjects\/object3.html\">el cigarrillo cronometrado<\/a> o el <a href=\"http:\/\/www.anab.in\/yeartwo\/timeinobjects\/object4.html\">plum\u00f3n cronometrado<\/a>. No s\u00e9 por qu\u00e9 pero la lleva. <em>(V\u00eda <a href=\"http:\/\/espejo-ludico.blogspot.com\/2007\/11\/slo-ser-una-hora.html\">El Espejo L\u00fadico<\/a>)<\/em><\/p>\n","protected":false},"excerpt":{"rendered":"<p>Con este nuevo y original reloj puedes controlar la cantidad de tiempo que dura una hora. \u00bfC\u00f3mo? Pues moviendo los n\u00fameros&#8230; La cuestioncita es creaci\u00f3n de Louise w. Klinker y Anab Jain. En su p\u00e1gina tienen muchos m\u00e1s objetos con \u00abtiempo\u00bb en ellos; por ejemplo el cigarrillo cronometrado o el plum\u00f3n cronometrado. No s\u00e9 por [&hellip;]<\/p>\n","protected":false},"author":2,"featured_media":0,"comment_status":"open","ping_status":"open","sticky":false,"template":"","format":"standard","meta":{"footnotes":""},"categories":[16,13,18],"tags":[],"class_list":["post-412","post","type-post","status-publish","format-standard","hentry","category-bakan","category-fotos","category-tecnologia"],"_links":{"self":[{"href":"http:\/\/www.sofoca.cl\/pebre\/wp-json\/wp\/v2\/posts\/412","targetHints":{"allow":["GET"]}}],"collection":[{"href":"http:\/\/www.sofoca.cl\/pebre\/wp-json\/wp\/v2\/posts"}],"about":[{"href":"http:\/\/www.sofoca.cl\/pebre\/wp-json\/wp\/v2\/types\/post"}],"author":[{"embeddable":true,"href":"http:\/\/www.sofoca.cl\/pebre\/wp-json\/wp\/v2\/users\/2"}],"replies":[{"embeddable":true,"href":"http:\/\/www.sofoca.cl\/pebre\/wp-json\/wp\/v2\/comments?post=412"}],"version-history":[{"count":0,"href":"http:\/\/www.sofoca.cl\/pebre\/wp-json\/wp\/v2\/posts\/412\/revisions"}],"wp:attachment":[{"href":"http:\/\/www.sofoca.cl\/pebre\/wp-json\/wp\/v2\/media?parent=412"}],"wp:term":[{"taxonomy":"category","embeddable":true,"href":"http:\/\/www.sofoca.cl\/pebre\/wp-json\/wp\/v2\/categories?post=412"},{"taxonomy":"post_tag","embeddable":true,"href":"http:\/\/www.sofoca.cl\/pebre\/wp-json\/wp\/v2\/tags?post=412"}],"curies":[{"name":"wp","href":"https:\/\/api.w.org\/{rel}","templated":true}]}}