{"id":419,"date":"2007-11-29T17:14:25","date_gmt":"2007-11-29T21:14:25","guid":{"rendered":"http:\/\/www.sofoca.cl\/pebre\/2007\/11\/29\/%c2%bfque-es-la-genetica\/"},"modified":"2007-11-29T18:41:09","modified_gmt":"2007-11-29T22:41:09","slug":"%c2%bfque-es-la-genetica","status":"publish","type":"post","link":"http:\/\/www.sofoca.cl\/pebre\/2007\/11\/29\/%c2%bfque-es-la-genetica\/","title":{"rendered":"\u00bfQu\u00e9 es la gen\u00e9tica?"},"content":{"rendered":"<p><img decoding=\"async\" src=\"http:\/\/images2.wikia.nocookie.net\/inciclopedia\/images\/thumb\/f\/ff\/OGame_creador.jpg\/180px-OGame_creador.jpg\" align=\"right\" alt=\"\" \/>Veamos <a href=\"http:\/\/buscon.rae.es\/draeI\/SrvltConsulta?TIPO_BUS=3&amp;LEMA=gen%C3%A9tica\">la definici\u00f3n de la RAE<\/a>:<\/p>\n<blockquote><p><strong>Gen\u00e9tica<\/strong><br \/>\n(Del gr. \u03b3\u03b5\u03bd\u03bd\u03b7\u03c4\u03b9\u03ba\u1f79\u03c2).<br \/>\n1. adj. Perteneciente o relativo a la <strong>gen\u00e9tica<\/strong>.<\/p><\/blockquote>\n<p>Eh, varias veces hab\u00eda visto definiciones un tanto recurrentes, pero nunca una <strong>tan autorrecurrente<\/strong> como esta.<\/p>\n<p>Esto trae muchas consecuencias: La gen\u00e9tica es lo perteneciente o relativo a la gen\u00e9tica. Entonces podemos decir que la gen\u00e9tica es lo perteneciente o relativo a lo perteneciente o relativo a la gen\u00e9tica; y as\u00ed podemos alargar la repetici\u00f3n hasta el infinito. Tambi\u00e9n podemos decir que la gen\u00e9tica es lo perteneciente o relativo a s\u00ed misma, pero eso no sirve de nada. \u00bfO s\u00ed? <em>(V\u00eda <a href=\"http:\/\/www.microsiervos.com\/archivo\/mundoreal\/genetica-rae.html\">Microsiervos<\/a>)<\/em><\/p>\n","protected":false},"excerpt":{"rendered":"<p>Veamos la definici\u00f3n de la RAE: Gen\u00e9tica (Del gr. \u03b3\u03b5\u03bd\u03bd\u03b7\u03c4\u03b9\u03ba\u1f79\u03c2). 1. adj. Perteneciente o relativo a la gen\u00e9tica. Eh, varias veces hab\u00eda visto definiciones un tanto recurrentes, pero nunca una tan autorrecurrente como esta. Esto trae muchas consecuencias: La gen\u00e9tica es lo perteneciente o relativo a la gen\u00e9tica. Entonces podemos decir que la gen\u00e9tica es [&hellip;]<\/p>\n","protected":false},"author":2,"featured_media":0,"comment_status":"open","ping_status":"open","sticky":false,"template":"","format":"standard","meta":{"footnotes":""},"categories":[11,19,10],"tags":[],"class_list":["post-419","post","type-post","status-publish","format-standard","hentry","category-ciencia","category-lenguaje","category-loco"],"_links":{"self":[{"href":"http:\/\/www.sofoca.cl\/pebre\/wp-json\/wp\/v2\/posts\/419","targetHints":{"allow":["GET"]}}],"collection":[{"href":"http:\/\/www.sofoca.cl\/pebre\/wp-json\/wp\/v2\/posts"}],"about":[{"href":"http:\/\/www.sofoca.cl\/pebre\/wp-json\/wp\/v2\/types\/post"}],"author":[{"embeddable":true,"href":"http:\/\/www.sofoca.cl\/pebre\/wp-json\/wp\/v2\/users\/2"}],"replies":[{"embeddable":true,"href":"http:\/\/www.sofoca.cl\/pebre\/wp-json\/wp\/v2\/comments?post=419"}],"version-history":[{"count":0,"href":"http:\/\/www.sofoca.cl\/pebre\/wp-json\/wp\/v2\/posts\/419\/revisions"}],"wp:attachment":[{"href":"http:\/\/www.sofoca.cl\/pebre\/wp-json\/wp\/v2\/media?parent=419"}],"wp:term":[{"taxonomy":"category","embeddable":true,"href":"http:\/\/www.sofoca.cl\/pebre\/wp-json\/wp\/v2\/categories?post=419"},{"taxonomy":"post_tag","embeddable":true,"href":"http:\/\/www.sofoca.cl\/pebre\/wp-json\/wp\/v2\/tags?post=419"}],"curies":[{"name":"wp","href":"https:\/\/api.w.org\/{rel}","templated":true}]}}