{"id":423,"date":"2007-11-30T23:15:41","date_gmt":"2007-12-01T03:15:41","guid":{"rendered":"http:\/\/www.sofoca.cl\/pebre\/2007\/11\/30\/24500-03\/"},"modified":"2007-12-01T12:17:01","modified_gmt":"2007-12-01T16:17:01","slug":"24500-03","status":"publish","type":"post","link":"http:\/\/www.sofoca.cl\/pebre\/2007\/11\/30\/24500-03\/","title":{"rendered":"24.500-03"},"content":{"rendered":"<p style=\"text-align: center\"><img decoding=\"async\" src=\"http:\/\/www.sofoca.cl\/pebre\/wp-content\/uploads\/2007\/11\/teleton.gif\" alt=\"teletlton\" \/><\/p>\n<p>La Telet\u00f3n, aquella gran obra de solidaridad que se realiza a\u00f1o a a\u00f1o y que une a todo un pa\u00eds. No faltaba m\u00e1s, la internet se pone con la Telet\u00f3n. El twitter de <a href=\"http:\/\/twitter.com\/interlocutor\">interlocutor<\/a>, <a href=\"http:\/\/twitter.com\/teleton07\">uno dedicado especialmente a la Telet\u00f3n<\/a>, los sitios <a href=\"http:\/\/www.regionvisual.com\/\">Regi\u00f3n Visual<\/a> y <a href=\"http:\/\/acido.tumblr.com\/\">\u00c1cido<\/a> han decidido cubrir el evento en vivo, aunque creo que es m\u00e1s fiable seguir las <a href=\"http:\/\/www.marlexsystems.org\/teleton-2007-faltan-pocas-horas-para-el-inicio-de-la-teleton\/\">actualizaciones oficiales por internet<\/a>. Tambi\u00e9n est\u00e1 disponible <a href=\"http:\/\/www.teleton.cl\/noticia_new\/noticia_new_283.htm\">el programa oficial<\/a>.<\/p>\n<p><strong>Lo malo<\/strong>: mucha gente dice que <a href=\"http:\/\/la-pandereta.blogspot.com\/2007\/11\/la-teletn-es-un-fraude_6603.html\">la Telet\u00f3n es un fraude<\/a>. Las estad\u00edsticas reales de lo que se hace con la plata se pueden ver en <a href=\"http:\/\/www.teleton.cl\/estadisticas_costos3_ev.htm\">la cuenta p\u00fablica<\/a> de la Telet\u00f3n y queda claro que <strong>el 25% de la plata no se va a los animadores<\/strong>. La Telet\u00f3n no es un fraude.<\/p>\n<p>Hay varias cosas que s\u00ed son verdad: la gente dona el 76,3% de la plata que se junta y el resto es de las empresas. Pero las empresas piden \u00abel apoyo del p\u00fablico\u00bb pues \u00abmientras m\u00e1s compres los productos de la Telet\u00f3n, m\u00e1s estar\u00e1s ayudando\u00bb. Podemos decir entonces que casi el 100% es apoyo directo de la gente, s\u00f3lo que hay un porcentaje que va a las empresas, que se promocionan \u00abayudando a la Telet\u00f3n\u00bb. Lo mejor es donar directamente, sin rodeos.<\/p>\n<p>Algo que me parece muy raro es el hecho de que durante toda la jornada de Telet\u00f3n no se junte nada de la plata que necesitan, pero en las \u00faltimas tres horas la plata sube a una velocidad impresionante. \u00bfPor qu\u00e9 pasa eso? No creo que toda la gente vaya a \u00faltima hora a depositar. Pero de esa manera, se logra un ambiente de \u00aboh, no vamos a llegar a la meta\u00bb cuando la verdad es que es casi imposible que no se llegue. Hubo un s\u00f3lo <a href=\"http:\/\/www.youtube.com\/watch?v=4aMJHlBlBWY\">a\u00f1o en que no se \u00ablleg\u00f3\u00bb a la meta<\/a>, pero despu\u00e9s de terminada la Telet\u00f3n s\u00ed se recaudo lo necesario. De hecho esto pasa siempre, despu\u00e9s de terminado el show, se sigue recolectando plata.<\/p>\n<p><strong>Lo WTF:<\/strong> Mucha gente no sabe que las cuentas de la Telet\u00f3n est\u00e1n abiertas todo el a\u00f1o y no es necesario donar estos d\u00edas.<\/p>\n<p><strong>Lo bonito:<\/strong> Pero lo que s\u00ed est\u00e1 claro, a pesar de todo el farandulismo o oportunismo que pueda haber detr\u00e1s de todo es que la Telet\u00f3n presenta una oportunidad real y concreta de ayudar a los ni\u00f1os minusv\u00e1lidos. Aunque se tengan que hacer faramallas para que la gente done, es una causa noble.<\/p>\n","protected":false},"excerpt":{"rendered":"<p>La Telet\u00f3n, aquella gran obra de solidaridad que se realiza a\u00f1o a a\u00f1o y que une a todo un pa\u00eds. No faltaba m\u00e1s, la internet se pone con la Telet\u00f3n. El twitter de interlocutor, uno dedicado especialmente a la Telet\u00f3n, los sitios Regi\u00f3n Visual y \u00c1cido han decidido cubrir el evento en vivo, aunque creo [&hellip;]<\/p>\n","protected":false},"author":2,"featured_media":0,"comment_status":"open","ping_status":"open","sticky":false,"template":"","format":"standard","meta":{"footnotes":""},"categories":[16,9,12,14],"tags":[],"class_list":["post-423","post","type-post","status-publish","format-standard","hentry","category-bakan","category-chanta","category-chile","category-publicidad"],"_links":{"self":[{"href":"http:\/\/www.sofoca.cl\/pebre\/wp-json\/wp\/v2\/posts\/423","targetHints":{"allow":["GET"]}}],"collection":[{"href":"http:\/\/www.sofoca.cl\/pebre\/wp-json\/wp\/v2\/posts"}],"about":[{"href":"http:\/\/www.sofoca.cl\/pebre\/wp-json\/wp\/v2\/types\/post"}],"author":[{"embeddable":true,"href":"http:\/\/www.sofoca.cl\/pebre\/wp-json\/wp\/v2\/users\/2"}],"replies":[{"embeddable":true,"href":"http:\/\/www.sofoca.cl\/pebre\/wp-json\/wp\/v2\/comments?post=423"}],"version-history":[{"count":0,"href":"http:\/\/www.sofoca.cl\/pebre\/wp-json\/wp\/v2\/posts\/423\/revisions"}],"wp:attachment":[{"href":"http:\/\/www.sofoca.cl\/pebre\/wp-json\/wp\/v2\/media?parent=423"}],"wp:term":[{"taxonomy":"category","embeddable":true,"href":"http:\/\/www.sofoca.cl\/pebre\/wp-json\/wp\/v2\/categories?post=423"},{"taxonomy":"post_tag","embeddable":true,"href":"http:\/\/www.sofoca.cl\/pebre\/wp-json\/wp\/v2\/tags?post=423"}],"curies":[{"name":"wp","href":"https:\/\/api.w.org\/{rel}","templated":true}]}}