{"id":44,"date":"2007-08-24T15:52:57","date_gmt":"2007-08-24T19:52:57","guid":{"rendered":"http:\/\/www.sofoca.cl\/pebre\/2007\/08\/24\/peru-hace-pisco-de-79-grados-para-damnificados\/"},"modified":"2007-08-24T15:52:57","modified_gmt":"2007-08-24T19:52:57","slug":"peru-hace-pisco-de-79-grados-para-damnificados","status":"publish","type":"post","link":"http:\/\/www.sofoca.cl\/pebre\/2007\/08\/24\/peru-hace-pisco-de-79-grados-para-damnificados\/","title":{"rendered":"Per\u00fa hace pisco de 7,9 grados para damnificados"},"content":{"rendered":"<p><img decoding=\"async\" src=\"http:\/\/www.sofoca.cl\/pebre\/wp-content\/uploads\/2007\/08\/pisco79.jpg\" alt=\"pisco79.jpg\" align=\"right\" \/>\u00bfUna edici\u00f3n especial de <a href=\"http:\/\/inciclopedia.wikia.com\/wiki\/Pisco\">pisco<\/a> llamado \u00abPisco 7,9\u00bb (la magnitud del horrible terremoto que afect\u00f3 a Per\u00fa la semana pasada), hecha especialmente para los afectados por el sismo? No es broma, y de hecho, su creaci\u00f3n fue impulsada por el gobierno peruano.<\/p>\n<p>La idea era crear una edici\u00f3n especial \u00abespecialmente embotellada y etiquetada por los productores vitivin\u00edcolas peruanos\u00bb, que el gobierno iba a destinar \u00aba los Gobiernos y entidades extranjeras que enviaron ayuda humanitaria para los damnificados\u00bb. Adem\u00e1s, serv\u00eda para promover el origen peruano del Pisco, cuya patente internacional est\u00e1 en disputa entre <a href=\"http:\/\/es.wikipedia.org\/wiki\/Pisco_del_Per%C3%BA\">Per\u00fa<\/a> y <a href=\"http:\/\/es.wikipedia.org\/wiki\/Pisco_chileno\">Chile<\/a>. \u00abEl nombre &#8216;7,9&#8217; se tom\u00f3 de la escala que entidades cient\u00edficas atribuyeron al se\u00edsmo, que dej\u00f3 540 muertos y m\u00e1s de 1.000 heridos\u00bb, seg\u00fan el Ministro de Producci\u00f3n peruano, Rafael Rey.<\/p>\n<p>La iniciativa fue inmediatamente criticada, seg\u00fan la <a href=\"http:\/\/www.emol.com\/noticias\/internacional\/detalle\/detallenoticias.asp?idnoticia=273166\">noticia de Emol<\/a>:<\/p>\n<blockquote><p>La ex presidenta del Congreso y legisladora del partido gobernante APRA, Mercedes Cabanillas, dijo que no duda que es \u00abuna inicitiva de buena voluntad\u00bb, pero bastante \u00abpol\u00e9mica\u00bb. (&#8230;) Por su parte el jefe del Consejo de Ministros, Jorge Del Castillo, calific\u00f3 la decisi\u00f3n como \u00abdesacertada, anecd\u00f3tica y de muy mal gusto\u00bb, mientras que el ministro de Educaci\u00f3n, Jos\u00e9 Antonio Chang, la consider\u00f3 \u00abdebatible\u00bb. (&#8230;) El presidente de la Asociaci\u00f3n de Bodegas de Pisco de la regi\u00f3n de Ica, Jos\u00e9 Carrasco, desaprob\u00f3 la decisi\u00f3n y dijo que esa edici\u00f3n \u00abdebi\u00f3 llamarse &#8216;Pisco Uni\u00f3n&#8217;, &#8216;Pisco Solidaridad&#8217; o &#8216;Pisco Amistad'\u00bb.<\/p><\/blockquote>\n<p>No tuvo que pasar mucho tiempo para que se las cr\u00edticas tuvieran <a href=\"http:\/\/www.emol.com\/noticias\/internacional\/detalle\/detallenoticias.asp?idnoticia=273171\">efecto<\/a> y se decidi\u00f3 por cambiar el desatinado nombre. Rafael Rey declar\u00f3 que \u00abaunque la iniciativa va a continuar, el nombre va a ser cambiado porque ha resultado inoportuno y hay diferentes puntos de vista\u00bb. <a href=\"http:\/\/actualidad.terra.es\/sociedad\/articulo\/peru_regalara_botella_pisco_grados_1800997.htm\">Link<\/a> 1, <a href=\"http:\/\/www.emol.com\/noticias\/internacional\/detalle\/detallenoticias.asp?idnoticia=273166\">Link<\/a> 2, <a href=\"http:\/\/www.emol.com\/noticias\/internacional\/detalle\/detallenoticias.asp?idnoticia=273171\">Link<\/a> 3.<\/p>\n","protected":false},"excerpt":{"rendered":"<p>\u00bfUna edici\u00f3n especial de pisco llamado \u00abPisco 7,9\u00bb (la magnitud del horrible terremoto que afect\u00f3 a Per\u00fa la semana pasada), hecha especialmente para los afectados por el sismo? No es broma, y de hecho, su creaci\u00f3n fue impulsada por el gobierno peruano. La idea era crear una edici\u00f3n especial \u00abespecialmente embotellada y etiquetada por los [&hellip;]<\/p>\n","protected":false},"author":2,"featured_media":0,"comment_status":"open","ping_status":"open","sticky":false,"template":"","format":"standard","meta":{"footnotes":""},"categories":[9,7],"tags":[],"class_list":["post-44","post","type-post","status-publish","format-standard","hentry","category-chanta","category-internacional"],"_links":{"self":[{"href":"http:\/\/www.sofoca.cl\/pebre\/wp-json\/wp\/v2\/posts\/44","targetHints":{"allow":["GET"]}}],"collection":[{"href":"http:\/\/www.sofoca.cl\/pebre\/wp-json\/wp\/v2\/posts"}],"about":[{"href":"http:\/\/www.sofoca.cl\/pebre\/wp-json\/wp\/v2\/types\/post"}],"author":[{"embeddable":true,"href":"http:\/\/www.sofoca.cl\/pebre\/wp-json\/wp\/v2\/users\/2"}],"replies":[{"embeddable":true,"href":"http:\/\/www.sofoca.cl\/pebre\/wp-json\/wp\/v2\/comments?post=44"}],"version-history":[{"count":0,"href":"http:\/\/www.sofoca.cl\/pebre\/wp-json\/wp\/v2\/posts\/44\/revisions"}],"wp:attachment":[{"href":"http:\/\/www.sofoca.cl\/pebre\/wp-json\/wp\/v2\/media?parent=44"}],"wp:term":[{"taxonomy":"category","embeddable":true,"href":"http:\/\/www.sofoca.cl\/pebre\/wp-json\/wp\/v2\/categories?post=44"},{"taxonomy":"post_tag","embeddable":true,"href":"http:\/\/www.sofoca.cl\/pebre\/wp-json\/wp\/v2\/tags?post=44"}],"curies":[{"name":"wp","href":"https:\/\/api.w.org\/{rel}","templated":true}]}}