{"id":443,"date":"2007-12-07T12:32:19","date_gmt":"2007-12-07T16:32:19","guid":{"rendered":"http:\/\/www.sofoca.cl\/pebre\/2007\/12\/07\/paremos-el-acuerdo-de-microsoft-con-chile\/"},"modified":"2007-12-07T12:32:19","modified_gmt":"2007-12-07T16:32:19","slug":"paremos-el-acuerdo-de-microsoft-con-chile","status":"publish","type":"post","link":"http:\/\/www.sofoca.cl\/pebre\/2007\/12\/07\/paremos-el-acuerdo-de-microsoft-con-chile\/","title":{"rendered":"Paremos el acuerdo de Microsoft con Chile"},"content":{"rendered":"<p>\u00bfSe acuerdan del <a href=\"http:\/\/www.elfrancotirador.cl\/2007\/07\/23\/el-dia-que-chile-se-vendio-a-microsoft\/\">acuerdo entre Microsoft y el gobierno de Chile<\/a>? \u00bf\u00c9se que era muy malo y que hab\u00eda que detener para que el pa\u00eds no se venda al capitalismo monop\u00f3lico imperialista de Estados Unidos y el monstruo de los tent\u00e1culos? \u00c9se mismo. Gracias a \u00e9l, se form\u00f3 el grupo <a href=\"http:\/\/www.liberaciondigital.org\/\">Liberaci\u00f3n Digital<\/a>, dedicado a discutir los temas chilenos de materia tecnol\u00f3gica y de la informaci\u00f3n. Cuando pas\u00f3 todo esto en mayo de este a\u00f1o, hubo una gran <a href=\"http:\/\/news.bbc.co.uk\/hi\/spanish\/science\/newsid_6938000\/6938777.stm\">respuesta de los medios<\/a> y parec\u00eda que iba a pasar <strong>algo<\/strong>. Pero con el pasar del tiempo, <a href=\"http:\/\/www.liberaciondigital.org\/blog\/2007\/08\/%c2%bfque-pasa-con-liberacion-digital\/\">se pudri\u00f3<\/a>. Peor a\u00fan: el acuerdo todav\u00eda est\u00e1 ah\u00ed.<\/p>\n<p style=\"text-align: center\"><img decoding=\"async\" src=\"http:\/\/www.sofoca.cl\/pebre\/wp-content\/uploads\/2007\/12\/banner-ld-despierta-336x280php.png\" alt=\"Despierta\" \/><\/p>\n<p>Me ausento de <a href=\"http:\/\/www.sofoca.cl\/pebre\/\">Pebre<\/a> por unos d\u00edas para hacer unos <a href=\"http:\/\/actualidad.terra.es\/cultura\/articulo\/the_police_chile_2103196.htm\">importantes tr\u00e1mites burocr\u00e1ticos<\/a> y cuando vuelvo, me encuentro con esto. \u00a1<a href=\"http:\/\/www.liberaciondigital.org\/despierta\/\"><strong>Liberaci\u00f3n Digital est\u00e1 de vuelta<\/strong><\/a>! Ahora con una campa\u00f1a y dise\u00f1o renovado, vuelven para eliminar de una vez por todas el nefasto acuerdo. Si no sabes por qu\u00e9 el acuerdo es tan malo, puedes revisar <a href=\"http:\/\/www.liberaciondigital.org\/despierta\/\">la p\u00e1gina<\/a> y ver las consecuencias que trae. Adem\u00e1s, puedes apoyar la campa\u00f1a posteando sobre ella en tu <em>blog<\/em>, o usando los botones y <em>banners<\/em> que ofrecen. Inf\u00f3rmate, \u00fanete y participa.  Vamos que se puede.<\/p>\n","protected":false},"excerpt":{"rendered":"<p>\u00bfSe acuerdan del acuerdo entre Microsoft y el gobierno de Chile? \u00bf\u00c9se que era muy malo y que hab\u00eda que detener para que el pa\u00eds no se venda al capitalismo monop\u00f3lico imperialista de Estados Unidos y el monstruo de los tent\u00e1culos? \u00c9se mismo. Gracias a \u00e9l, se form\u00f3 el grupo Liberaci\u00f3n Digital, dedicado a discutir [&hellip;]<\/p>\n","protected":false},"author":2,"featured_media":0,"comment_status":"open","ping_status":"open","sticky":false,"template":"","format":"standard","meta":{"footnotes":""},"categories":[16,12,5,18],"tags":[],"class_list":["post-443","post","type-post","status-publish","format-standard","hentry","category-bakan","category-chile","category-internet","category-tecnologia"],"_links":{"self":[{"href":"http:\/\/www.sofoca.cl\/pebre\/wp-json\/wp\/v2\/posts\/443","targetHints":{"allow":["GET"]}}],"collection":[{"href":"http:\/\/www.sofoca.cl\/pebre\/wp-json\/wp\/v2\/posts"}],"about":[{"href":"http:\/\/www.sofoca.cl\/pebre\/wp-json\/wp\/v2\/types\/post"}],"author":[{"embeddable":true,"href":"http:\/\/www.sofoca.cl\/pebre\/wp-json\/wp\/v2\/users\/2"}],"replies":[{"embeddable":true,"href":"http:\/\/www.sofoca.cl\/pebre\/wp-json\/wp\/v2\/comments?post=443"}],"version-history":[{"count":0,"href":"http:\/\/www.sofoca.cl\/pebre\/wp-json\/wp\/v2\/posts\/443\/revisions"}],"wp:attachment":[{"href":"http:\/\/www.sofoca.cl\/pebre\/wp-json\/wp\/v2\/media?parent=443"}],"wp:term":[{"taxonomy":"category","embeddable":true,"href":"http:\/\/www.sofoca.cl\/pebre\/wp-json\/wp\/v2\/categories?post=443"},{"taxonomy":"post_tag","embeddable":true,"href":"http:\/\/www.sofoca.cl\/pebre\/wp-json\/wp\/v2\/tags?post=443"}],"curies":[{"name":"wp","href":"https:\/\/api.w.org\/{rel}","templated":true}]}}