{"id":446,"date":"2007-12-07T17:39:06","date_gmt":"2007-12-07T21:39:06","guid":{"rendered":"http:\/\/www.sofoca.cl\/pebre\/2007\/12\/07\/%c2%bfque-hay-de-raro-en-la-foto\/"},"modified":"2007-12-07T17:39:06","modified_gmt":"2007-12-07T21:39:06","slug":"%c2%bfque-hay-de-raro-en-la-foto","status":"publish","type":"post","link":"http:\/\/www.sofoca.cl\/pebre\/2007\/12\/07\/%c2%bfque-hay-de-raro-en-la-foto\/","title":{"rendered":"\u00bfQu\u00e9 hay de raro en la foto?"},"content":{"rendered":"<p>El m\u00fasico estadounidense <a href=\"http:\/\/en.wikipedia.org\/wiki\/Andrew_Gold\">Andrew Gold<\/a> es muy conocido por su familia. Su mayor m\u00e9rito es la portada del disco <em>What&#8217;s wrong with this picture?<\/em> de 1976.<\/p>\n<p style=\"text-align: center\"><a href=\"http:\/\/bp2.blogger.com\/_Xli8TPwYkfU\/Rsbtp8U7W3I\/AAAAAAAADyE\/O07MrN51-Ss\/s1600-h\/gold_wrongPicture.jpg\"><img decoding=\"async\" src=\"http:\/\/www.sofoca.cl\/pebre\/wp-content\/uploads\/2007\/12\/gold_wrong.jpg\" alt=\"Andrew Gold\" \/><\/a><\/p>\n<p>La <a href=\"http:\/\/bp2.blogger.com\/_Xli8TPwYkfU\/Rsbtp8U7W3I\/AAAAAAAADyE\/O07MrN51-Ss\/s1600-h\/gold_wrongPicture.jpg\">foto de la car\u00e1tula<\/a> le hace honor al t\u00edtulo: est\u00e1 <strong>llena de errores<\/strong>. Se supone que hay unas 32 o 33 fallas, as\u00ed que est\u00e1 para pasar un buen rato busc\u00e1ndolas. <em>(V\u00eda <a href=\"http:\/\/alt1040.com\/archivo\/2007\/12\/06\/%c2%bfque-falla-en-la-portada\/\">ALT1040<\/a>)<\/em><\/p>\n","protected":false},"excerpt":{"rendered":"<p>El m\u00fasico estadounidense Andrew Gold es muy conocido por su familia. Su mayor m\u00e9rito es la portada del disco What&#8217;s wrong with this picture? de 1976. La foto de la car\u00e1tula le hace honor al t\u00edtulo: est\u00e1 llena de errores. Se supone que hay unas 32 o 33 fallas, as\u00ed que est\u00e1 para pasar un [&hellip;]<\/p>\n","protected":false},"author":2,"featured_media":0,"comment_status":"open","ping_status":"open","sticky":false,"template":"","format":"standard","meta":{"footnotes":""},"categories":[16,13,6],"tags":[],"class_list":["post-446","post","type-post","status-publish","format-standard","hentry","category-bakan","category-fotos","category-musica"],"_links":{"self":[{"href":"http:\/\/www.sofoca.cl\/pebre\/wp-json\/wp\/v2\/posts\/446","targetHints":{"allow":["GET"]}}],"collection":[{"href":"http:\/\/www.sofoca.cl\/pebre\/wp-json\/wp\/v2\/posts"}],"about":[{"href":"http:\/\/www.sofoca.cl\/pebre\/wp-json\/wp\/v2\/types\/post"}],"author":[{"embeddable":true,"href":"http:\/\/www.sofoca.cl\/pebre\/wp-json\/wp\/v2\/users\/2"}],"replies":[{"embeddable":true,"href":"http:\/\/www.sofoca.cl\/pebre\/wp-json\/wp\/v2\/comments?post=446"}],"version-history":[{"count":0,"href":"http:\/\/www.sofoca.cl\/pebre\/wp-json\/wp\/v2\/posts\/446\/revisions"}],"wp:attachment":[{"href":"http:\/\/www.sofoca.cl\/pebre\/wp-json\/wp\/v2\/media?parent=446"}],"wp:term":[{"taxonomy":"category","embeddable":true,"href":"http:\/\/www.sofoca.cl\/pebre\/wp-json\/wp\/v2\/categories?post=446"},{"taxonomy":"post_tag","embeddable":true,"href":"http:\/\/www.sofoca.cl\/pebre\/wp-json\/wp\/v2\/tags?post=446"}],"curies":[{"name":"wp","href":"https:\/\/api.w.org\/{rel}","templated":true}]}}