{"id":453,"date":"2007-12-09T16:59:15","date_gmt":"2007-12-09T20:59:15","guid":{"rendered":"http:\/\/www.sofoca.cl\/pebre\/2007\/12\/09\/el-dia-de-simular-que-eres-un-viajero-en-el-tiempo\/"},"modified":"2007-12-10T22:17:51","modified_gmt":"2007-12-11T02:17:51","slug":"el-dia-de-simular-que-eres-un-viajero-en-el-tiempo","status":"publish","type":"post","link":"http:\/\/www.sofoca.cl\/pebre\/2007\/12\/09\/el-dia-de-simular-que-eres-un-viajero-en-el-tiempo\/","title":{"rendered":"El d\u00eda de simular que eres un viajero en el tiempo"},"content":{"rendered":"<p><img loading=\"lazy\" decoding=\"async\" src=\"http:\/\/upload.wikimedia.org\/wikipedia\/en\/thumb\/5\/52\/Back_to_the_future.jpg\/180px-Back_to_the_future.jpg\" align=\"right\" alt=\"\" height=\"283\" width=\"180\" \/>Me enter\u00e9 de esto cuando ya pas\u00f3 (para variar). Ayer ocho de diciembre se celebr\u00f3 <strong>el d\u00eda de simular que eres un viajero en el tiempo<\/strong>. Otro onom\u00e1stico idiota para agregar al calendario, deber\u00eda haber alguien que est\u00e9 juntando todas estas cosas para recordarlas despu\u00e9s.<\/p>\n<p>Bueno, \u00bfy qu\u00e9 podemos hacer para celebrar el d\u00eda de simular ser un viajero en el tiempo? \u00a1Pues podemos simular que somos viajeros en el tiempo! En <a href=\"http:\/\/blog.wired.com\/geekdad\/2007\/12\/pretend-to-be-a.html\">Wired<\/a> presentan varias alternativas y las explican de manera detallada. En resumen, son las siguientes:<\/p>\n<ol>\n<li><strong>Futuro ut\u00f3pico<\/strong> o <strong>clich\u00e9<\/strong>: Simular que est\u00e1s reci\u00e9n salido de Futurama, sin entender como se usa la tecnolog\u00eda actual y obviamente, perdido dentro de la \u00e9poca actual. Puedes hacer preguntas anacr\u00f3nicas como \u00ab\u00bfHas penetrado la atm\u00f3sfera en los \u00faltimos d\u00edas?\u00bb.<\/li>\n<li><strong>Futuro <a href=\"http:\/\/es.wikipedia.org\/wiki\/Distop%C3%ADa\">dist\u00f3pico<\/a><\/strong>: Pretender que vienes de un futuro post-apocal\u00edptico. Esencial es un buen disfraz con armadura futur\u00edstica, ser el \u00abprisionero que se escapa del futuro\u00bb, mirar el cielo como si nunca lo hubieras visto antes, preguntarles a todos qu\u00e9 a\u00f1o es, etc. Ofrece mucha flexibilidad.<\/li>\n<li><a href=\"http:\/\/www.microsiervos.com\/archivo\/frases-citas\/lusers-it-crowd.html\"><strong>Pasado<\/strong><\/a>: Quiz\u00e1s la m\u00e1s f\u00e1cil de realizar, necesitas un disfraz de la \u00e9poca (de la \u00e9poca colonial, preferentemente), quedarse asombrado con todo tipo de tecnolog\u00eda, conversar horas con la televisi\u00f3n y quedarse pasmado al ver las extra\u00f1as y liberales vestimentas de hoy en d\u00eda.<\/li>\n<\/ol>\n<p>As\u00ed que ya sabes, el ocho de diciembre del otro a\u00f1o tienes entretenci\u00f3n asegurada. Seguro. <em>(V\u00eda <a href=\"http:\/\/www.neatorama.com\/2007\/12\/09\/international-pretend-to-be-a-time-traveler-day\/\">Neatorama<\/a>)<\/em><\/p>\n","protected":false},"excerpt":{"rendered":"<p>Me enter\u00e9 de esto cuando ya pas\u00f3 (para variar). Ayer ocho de diciembre se celebr\u00f3 el d\u00eda de simular que eres un viajero en el tiempo. Otro onom\u00e1stico idiota para agregar al calendario, deber\u00eda haber alguien que est\u00e9 juntando todas estas cosas para recordarlas despu\u00e9s. Bueno, \u00bfy qu\u00e9 podemos hacer para celebrar el d\u00eda de [&hellip;]<\/p>\n","protected":false},"author":2,"featured_media":0,"comment_status":"open","ping_status":"open","sticky":false,"template":"","format":"standard","meta":{"footnotes":""},"categories":[16,10],"tags":[],"class_list":["post-453","post","type-post","status-publish","format-standard","hentry","category-bakan","category-loco"],"_links":{"self":[{"href":"http:\/\/www.sofoca.cl\/pebre\/wp-json\/wp\/v2\/posts\/453","targetHints":{"allow":["GET"]}}],"collection":[{"href":"http:\/\/www.sofoca.cl\/pebre\/wp-json\/wp\/v2\/posts"}],"about":[{"href":"http:\/\/www.sofoca.cl\/pebre\/wp-json\/wp\/v2\/types\/post"}],"author":[{"embeddable":true,"href":"http:\/\/www.sofoca.cl\/pebre\/wp-json\/wp\/v2\/users\/2"}],"replies":[{"embeddable":true,"href":"http:\/\/www.sofoca.cl\/pebre\/wp-json\/wp\/v2\/comments?post=453"}],"version-history":[{"count":0,"href":"http:\/\/www.sofoca.cl\/pebre\/wp-json\/wp\/v2\/posts\/453\/revisions"}],"wp:attachment":[{"href":"http:\/\/www.sofoca.cl\/pebre\/wp-json\/wp\/v2\/media?parent=453"}],"wp:term":[{"taxonomy":"category","embeddable":true,"href":"http:\/\/www.sofoca.cl\/pebre\/wp-json\/wp\/v2\/categories?post=453"},{"taxonomy":"post_tag","embeddable":true,"href":"http:\/\/www.sofoca.cl\/pebre\/wp-json\/wp\/v2\/tags?post=453"}],"curies":[{"name":"wp","href":"https:\/\/api.w.org\/{rel}","templated":true}]}}