{"id":454,"date":"2007-12-09T22:39:22","date_gmt":"2007-12-10T02:39:22","guid":{"rendered":"http:\/\/www.sofoca.cl\/pebre\/2007\/12\/09\/pinera-tiene-fotolog-y-facebook-oficial\/"},"modified":"2007-12-09T22:39:22","modified_gmt":"2007-12-10T02:39:22","slug":"pinera-tiene-fotolog-y-facebook-oficial","status":"publish","type":"post","link":"http:\/\/www.sofoca.cl\/pebre\/2007\/12\/09\/pinera-tiene-fotolog-y-facebook-oficial\/","title":{"rendered":"Pi\u00f1era tiene Fotolog y Facebook oficial"},"content":{"rendered":"<p>Los pol\u00edticos ya no saben qu\u00e9 hacer. Lo que la lleva ahora es <strong>hacerse cuentas en servicios de internet<\/strong> para acercarse a&#8230; \u00bfla juventud?<\/p>\n<p>Ejemplos sobran. Podemos ver un caso reciente como el de Mariano Rajoy en Espa\u00f1a, que se hizo <a href=\"http:\/\/alt1040.com\/archivo\/2007\/11\/29\/rajoy-invade-facebook\/\">una cuenta en Facebook<\/a> y <a href=\"http:\/\/flickr.com\/photos\/marianorajoy\">un Flickr<\/a>, aunque tal vez <a href=\"http:\/\/flickr.com\/photos\/marianorajoi\">el resultado<\/a> no sea el esperado. Otro \u00abpionero\u00bb en esto de la campa\u00f1a pol\u00edtica en internet es el honorable <a href=\"http:\/\/www.fernandoflores.cl\">Fernando Flores<\/a> con su blog. Si bien no lo veo haci\u00e9ndose cuentas por ah\u00ed, su partido pol\u00edtico <a href=\"http:\/\/www.chileprimero.cl\/content\/view\/52653\/Chile_Primero_se_moviliza_por_los_Fotologgers_de_Chile_y_el_Mundo.html\">defiende fervientemente al Fotolog<\/a> y a su influencia en la sociedad chilena (WTF?).<\/p>\n<p style=\"text-align: center\"><img decoding=\"async\" src=\"http:\/\/www.sofoca.cl\/pebre\/wp-content\/uploads\/2007\/12\/fotologpinera.jpg\" alt=\"Fotolog Pi\u00f1era\" \/><\/p>\n<p>El \u00faltimo en subirse al carrito ha sido nada m\u00e1s y nada menos que <a href=\"http:\/\/www.lun.com\/modulos\/catalogo\/paginas\/2007\/12\/09\/LUCSTPO13LU0912.htm\">Sebasti\u00e1n Pi\u00f1era<\/a>, con una cuenta en Facebook y <a href=\"http:\/\/www.fotolog.com\/spinera\">un Fotolog<\/a>. En <a href=\"http:\/\/www.lun.com\/modulos\/catalogo\/paginas\/2007\/12\/09\/LUCSTPO13LU0912.htm\">la noticia<\/a> se mencionan los entretelones de su incursi\u00f3n en el mundo de las redes sociales (no mencionan <a href=\"http:\/\/twitter.com\/eltatan\">su Twitter<\/a>, aunque eso est\u00e1 bien porque es entero falso).<\/p>\n<p>\u00bfLa verdad? No s\u00e9 qu\u00e9 creer. No me parece mal que los pol\u00edticos se hagan cuentas en estos servicios (mal que mal, cualquiera puede hacerlas; da lo mismo) pero no s\u00e9 si creer mucho en <strong>hacer campa\u00f1a<\/strong> a trav\u00e9s de ellos. La mayor\u00eda de las veces ni siquiera son los pol\u00edticos en cuesti\u00f3n los que mantienen sus cuentas (aunque Pi\u00f1era aclara que lo mantiene a medias con su hija). \u00bfVale la pena politizar la internet de esta manera?<\/p>\n","protected":false},"excerpt":{"rendered":"<p>Los pol\u00edticos ya no saben qu\u00e9 hacer. Lo que la lleva ahora es hacerse cuentas en servicios de internet para acercarse a&#8230; \u00bfla juventud? Ejemplos sobran. Podemos ver un caso reciente como el de Mariano Rajoy en Espa\u00f1a, que se hizo una cuenta en Facebook y un Flickr, aunque tal vez el resultado no sea [&hellip;]<\/p>\n","protected":false},"author":1,"featured_media":0,"comment_status":"open","ping_status":"open","sticky":false,"template":"","format":"standard","meta":{"footnotes":""},"categories":[12,3,5],"tags":[],"class_list":["post-454","post","type-post","status-publish","format-standard","hentry","category-chile","category-fotolog","category-internet"],"_links":{"self":[{"href":"http:\/\/www.sofoca.cl\/pebre\/wp-json\/wp\/v2\/posts\/454","targetHints":{"allow":["GET"]}}],"collection":[{"href":"http:\/\/www.sofoca.cl\/pebre\/wp-json\/wp\/v2\/posts"}],"about":[{"href":"http:\/\/www.sofoca.cl\/pebre\/wp-json\/wp\/v2\/types\/post"}],"author":[{"embeddable":true,"href":"http:\/\/www.sofoca.cl\/pebre\/wp-json\/wp\/v2\/users\/1"}],"replies":[{"embeddable":true,"href":"http:\/\/www.sofoca.cl\/pebre\/wp-json\/wp\/v2\/comments?post=454"}],"version-history":[{"count":0,"href":"http:\/\/www.sofoca.cl\/pebre\/wp-json\/wp\/v2\/posts\/454\/revisions"}],"wp:attachment":[{"href":"http:\/\/www.sofoca.cl\/pebre\/wp-json\/wp\/v2\/media?parent=454"}],"wp:term":[{"taxonomy":"category","embeddable":true,"href":"http:\/\/www.sofoca.cl\/pebre\/wp-json\/wp\/v2\/categories?post=454"},{"taxonomy":"post_tag","embeddable":true,"href":"http:\/\/www.sofoca.cl\/pebre\/wp-json\/wp\/v2\/tags?post=454"}],"curies":[{"name":"wp","href":"https:\/\/api.w.org\/{rel}","templated":true}]}}