{"id":456,"date":"2007-12-10T15:27:48","date_gmt":"2007-12-10T19:27:48","guid":{"rendered":"http:\/\/www.sofoca.cl\/pebre\/2007\/12\/10\/el-dia-de-comentar-en-blogs\/"},"modified":"2007-12-10T15:27:48","modified_gmt":"2007-12-10T19:27:48","slug":"el-dia-de-comentar-en-blogs","status":"publish","type":"post","link":"http:\/\/www.sofoca.cl\/pebre\/2007\/12\/10\/el-dia-de-comentar-en-blogs\/","title":{"rendered":"El d\u00eda de comentar en blogs"},"content":{"rendered":"<p><img decoding=\"async\" src=\"http:\/\/www.sofoca.cl\/pebre\/wp-content\/uploads\/2007\/12\/comentario.jpg\" alt=\"Comentario\" align=\"right\" \/>\u00a1Hoy, 10 de diciembre, se celebra <del datetime=\"2007-12-10T19:08:28+00:00\">como todos los a\u00f1os<\/del> el d\u00eda mundial de comentar en blogs!<\/p>\n<p>\u00bfC\u00f3mo lo puedes celebrar? \u00a1Nada m\u00e1s sencillo! Anda a tus blogs favoritos y d\u00e9jales un comentario. \u00a1M\u00e1s simple, imposible! No te cuesta nada y adem\u00e1s har\u00e1s feliz a un <del datetime=\"2007-12-10T19:08:28+00:00\">pobre idiota sin vida<\/del> esforzado bloguero, que vive por los comentarios y parad\u00f3jicamente es lo menos que hay.<\/p>\n<p>Ahora bien, si es que eres realmente buena persona, \u00a1aprovechar\u00e1s este onom\u00e1stico inventado para dejarle un comentario a <a href=\"http:\/\/www.sofoca.cl\/pebre\">este gran blog<\/a> (siempre que <a href=\"http:\/\/www.sofoca.cl\/pebre\/2007\/08\/27\/codigo-postal-chileno\/#comment-32\">el comentario sea buena onda<\/a>)! Y as\u00ed estar\u00e1s ayudando a forjar este espectacular sitio donde no comenta nadie. \u00bfQu\u00e9 esperas? <em>(V\u00eda <a href=\"http:\/\/bip.tumblr.com\/post\/21238753\">Bip!<\/a>)<\/em><\/p>\n","protected":false},"excerpt":{"rendered":"<p>\u00a1Hoy, 10 de diciembre, se celebra como todos los a\u00f1os el d\u00eda mundial de comentar en blogs! \u00bfC\u00f3mo lo puedes celebrar? \u00a1Nada m\u00e1s sencillo! Anda a tus blogs favoritos y d\u00e9jales un comentario. \u00a1M\u00e1s simple, imposible! No te cuesta nada y adem\u00e1s har\u00e1s feliz a un pobre idiota sin vida esforzado bloguero, que vive por [&hellip;]<\/p>\n","protected":false},"author":2,"featured_media":0,"comment_status":"open","ping_status":"open","sticky":false,"template":"","format":"standard","meta":{"footnotes":""},"categories":[16,5],"tags":[],"class_list":["post-456","post","type-post","status-publish","format-standard","hentry","category-bakan","category-internet"],"_links":{"self":[{"href":"http:\/\/www.sofoca.cl\/pebre\/wp-json\/wp\/v2\/posts\/456","targetHints":{"allow":["GET"]}}],"collection":[{"href":"http:\/\/www.sofoca.cl\/pebre\/wp-json\/wp\/v2\/posts"}],"about":[{"href":"http:\/\/www.sofoca.cl\/pebre\/wp-json\/wp\/v2\/types\/post"}],"author":[{"embeddable":true,"href":"http:\/\/www.sofoca.cl\/pebre\/wp-json\/wp\/v2\/users\/2"}],"replies":[{"embeddable":true,"href":"http:\/\/www.sofoca.cl\/pebre\/wp-json\/wp\/v2\/comments?post=456"}],"version-history":[{"count":0,"href":"http:\/\/www.sofoca.cl\/pebre\/wp-json\/wp\/v2\/posts\/456\/revisions"}],"wp:attachment":[{"href":"http:\/\/www.sofoca.cl\/pebre\/wp-json\/wp\/v2\/media?parent=456"}],"wp:term":[{"taxonomy":"category","embeddable":true,"href":"http:\/\/www.sofoca.cl\/pebre\/wp-json\/wp\/v2\/categories?post=456"},{"taxonomy":"post_tag","embeddable":true,"href":"http:\/\/www.sofoca.cl\/pebre\/wp-json\/wp\/v2\/tags?post=456"}],"curies":[{"name":"wp","href":"https:\/\/api.w.org\/{rel}","templated":true}]}}